{"id":8255,"date":"2025-04-06T22:19:11","date_gmt":"2025-04-06T22:19:11","guid":{"rendered":"https:\/\/rr.unv-informacion.xyz\/?p=8255"},"modified":"2025-04-06T22:19:11","modified_gmt":"2025-04-06T22:19:11","slug":"dos-personas-pierden-la-vida-en-accidente-de-transito-en-moca","status":"publish","type":"post","link":"https:\/\/rr.unv-informacion.xyz\/?p=8255","title":{"rendered":"Dos personas pierden la vida en accidente de tr\u00e1nsito en Moca"},"content":{"rendered":"\n<p class=\"wp-block-paragraph\">Un accidente en Moca deja al menos dos fallecidos; autoridades a\u00fan no emiten informe oficial sobre el siniestro vial ocurrido este domingo.<\/p>\n\n\n\n<p class=\"wp-block-paragraph\">Moca, Espaillat.- Al menos dos personas fallecieron la ma\u00f1ana de este domingo tras un accidente de tr\u00e1nsito en el municipio de Moca, provincia Espaillat.<\/p>\n\n\n\n<p class=\"wp-block-paragraph\">En una imagen que circula en redes sociales se observa un veh\u00edculo de color blanco totalmente destrozado como consecuencia del siniestro. Hasta el momento, no se han ofrecido detalles oficiales sobre las circunstancias en las que ocurri\u00f3 el accidente.<\/p>\n\n\n\n<p class=\"wp-block-paragraph\">Los hoy fallecidos fueron identificados como Ayeli Rodr\u00edguez y Hairo Antonio Bencosme. Ambos se desplazaban en un veh\u00edculo Toyota Camry de color blanco, con placa A566744, que result\u00f3 totalmente destrozado tras el siniestro vial.<\/p>\n\n\n\n<p class=\"wp-block-paragraph\">La comunidad permanece a la espera de informaci\u00f3n oficial que permita esclarecer lo ocurrido en este accidente que ha generado preocupaci\u00f3n entre los residentes de Moca.<\/p>\n\n\n\n<p class=\"wp-block-paragraph\">En los \u00faltimos meses, en este municipio se han registrado numerosos accidentes de tr\u00e1nsito, lo que mantiene preocupados a los comunitarios. Ante esta situaci\u00f3n, los residentes piden a las autoridades tomar medidas m\u00e1s contundentes para prevenir nuevos accidentes en Moca.<\/p>\n\n\n\n<p class=\"wp-block-paragraph\">La comunidad permanece a la espera de informaci\u00f3n oficial que permita esclarecer lo ocurrido en este suceso que ha causado consternaci\u00f3n.<\/p>\n\n\n\n<p class=\"wp-block-paragraph\">Se espera que en las pr\u00f3ximas horas las autoridades ofrezcan m\u00e1s detalles sobre este lamentable hecho.<\/p>\n\n\n\n<figure class=\"wp-block-image size-large\"><img loading=\"lazy\" decoding=\"async\" width=\"692\" height=\"1024\" src=\"https:\/\/rr.unv-informacion.xyz\/wp-content\/uploads\/2025\/04\/489322869_687178247321255_4462650311735340659_n-692x1024.jpg\" alt=\"\" class=\"wp-image-8256\" srcset=\"https:\/\/rr.unv-informacion.xyz\/wp-content\/uploads\/2025\/04\/489322869_687178247321255_4462650311735340659_n-692x1024.jpg 692w, https:\/\/rr.unv-informacion.xyz\/wp-content\/uploads\/2025\/04\/489322869_687178247321255_4462650311735340659_n-203x300.jpg 203w, https:\/\/rr.unv-informacion.xyz\/wp-content\/uploads\/2025\/04\/489322869_687178247321255_4462650311735340659_n-284x420.jpg 284w, https:\/\/rr.unv-informacion.xyz\/wp-content\/uploads\/2025\/04\/489322869_687178247321255_4462650311735340659_n-640x947.jpg 640w, https:\/\/rr.unv-informacion.xyz\/wp-content\/uploads\/2025\/04\/489322869_687178247321255_4462650311735340659_n-681x1007.jpg 681w, https:\/\/rr.unv-informacion.xyz\/wp-content\/uploads\/2025\/04\/489322869_687178247321255_4462650311735340659_n.jpg 747w\" sizes=\"auto, (max-width: 692px) 100vw, 692px\" \/><\/figure>\n\n\n\n<p class=\"wp-block-paragraph\"><a href=\"https:\/\/lasimagenesdeloshechos.com\/2025\/04\/06\/dos-en-moca\/\">IMAGEN FUERTE<\/a><\/p>\n","protected":false},"excerpt":{"rendered":"<p>Un accidente en Moca deja al menos dos fallecidos; autoridades a\u00fan no emiten informe oficial sobre el siniestro vial ocurrido este domingo. Moca, Espaillat.- Al menos dos personas fallecieron la ma\u00f1ana de este domingo tras un accidente de tr\u00e1nsito en el municipio de Moca, provincia Espaillat. En una imagen que circula en redes sociales se [&hellip;]<\/p>\n","protected":false},"author":1,"featured_media":8256,"comment_status":"open","ping_status":"open","sticky":false,"template":"","format":"standard","meta":{"footnotes":""},"categories":[1],"tags":[],"class_list":["post-8255","post","type-post","status-publish","format-standard","has-post-thumbnail","hentry","category-uncategorized"],"_links":{"self":[{"href":"https:\/\/rr.unv-informacion.xyz\/index.php?rest_route=\/wp\/v2\/posts\/8255","targetHints":{"allow":["GET"]}}],"collection":[{"href":"https:\/\/rr.unv-informacion.xyz\/index.php?rest_route=\/wp\/v2\/posts"}],"about":[{"href":"https:\/\/rr.unv-informacion.xyz\/index.php?rest_route=\/wp\/v2\/types\/post"}],"author":[{"embeddable":true,"href":"https:\/\/rr.unv-informacion.xyz\/index.php?rest_route=\/wp\/v2\/users\/1"}],"replies":[{"embeddable":true,"href":"https:\/\/rr.unv-informacion.xyz\/index.php?rest_route=%2Fwp%2Fv2%2Fcomments&post=8255"}],"version-history":[{"count":1,"href":"https:\/\/rr.unv-informacion.xyz\/index.php?rest_route=\/wp\/v2\/posts\/8255\/revisions"}],"predecessor-version":[{"id":8257,"href":"https:\/\/rr.unv-informacion.xyz\/index.php?rest_route=\/wp\/v2\/posts\/8255\/revisions\/8257"}],"wp:featuredmedia":[{"embeddable":true,"href":"https:\/\/rr.unv-informacion.xyz\/index.php?rest_route=\/wp\/v2\/media\/8256"}],"wp:attachment":[{"href":"https:\/\/rr.unv-informacion.xyz\/index.php?rest_route=%2Fwp%2Fv2%2Fmedia&parent=8255"}],"wp:term":[{"taxonomy":"category","embeddable":true,"href":"https:\/\/rr.unv-informacion.xyz\/index.php?rest_route=%2Fwp%2Fv2%2Fcategories&post=8255"},{"taxonomy":"post_tag","embeddable":true,"href":"https:\/\/rr.unv-informacion.xyz\/index.php?rest_route=%2Fwp%2Fv2%2Ftags&post=8255"}],"curies":[{"name":"wp","href":"https:\/\/api.w.org\/{rel}","templated":true}]}}