{"id":8261,"date":"2025-04-06T22:25:33","date_gmt":"2025-04-06T22:25:33","guid":{"rendered":"https:\/\/rr.unv-informacion.xyz\/?p=8261"},"modified":"2025-04-06T22:25:34","modified_gmt":"2025-04-06T22:25:34","slug":"hombre-le-quita-la-vida-a-su-pareja-en-moca-perdoname-javier","status":"publish","type":"post","link":"https:\/\/rr.unv-informacion.xyz\/?p=8261","title":{"rendered":"Hombre le quita la vida a su pareja en Moca \u2018perd\u00f3name Javier\u2019"},"content":{"rendered":"\n<p class=\"wp-block-paragraph\">Otro hombre cegado por los celos le quit\u00f3 la vida a su pareja sentimental, en un hecho ocurrido en el barrio Las Flores, del municipio de Moca.<\/p>\n\n\n\n<p class=\"wp-block-paragraph\">La hoy occisa fue identificada como Wendy Josefina Pe\u00f1a Bonilla, aproximadamente de 41 a\u00f1os de edad, quien se convierte en otra v\u00edctima de feminicidio.<\/p>\n\n\n\n<p class=\"wp-block-paragraph\">El agresor fue identificado como Javier D\u00edaz, que tras cometer el hecho intent\u00f3 de escapar, pero fue retenido por varias personas y luego fue apresado por miembros de la Polic\u00eda Nacional, este suceso que lleva luto y dolor a dos familias, dejando tambi\u00e9n estremecido a todo un sector y al municipio.<\/p>\n\n\n\n<p class=\"wp-block-paragraph\">Los vecinos escuchaban cuando la pareja estaba discutiendo y momentos despu\u00e9s todo se sali\u00f3 de control, D\u00edaz descontrolado agarro un filoso y se le fue encima a su esposa, d\u00e1ndole m\u00faltiples estocadas.<\/p>\n\n\n\n<p class=\"wp-block-paragraph\">Seg\u00fan narr\u00f3 una joven para losmocanos.com, escucho a la v\u00edctima decir \u2018perd\u00f3name Javier\u2019, despu\u00e9s de desatar su rabia contra la hoy occisa dentro del apartamento, abri\u00f3 la puerta y la dej\u00f3 en el frente agonizando por las heri-das, falleciendo minutos despu\u00e9s.<\/p>\n\n\n\n<p class=\"wp-block-paragraph\">El procurador fiscal de Espaillat Yorelbin Rivas Ferreras, dijo para esta p\u00e1gina, que al victimario se le doblo un cuchillo mientras agred\u00eda a su pareja y luego busco otro, para terminar de quitarle la vida a Pe\u00f1a Bonilla, en una escena horrible.<\/p>\n\n\n\n<p class=\"wp-block-paragraph\">El m\u00e9dico legista se\u00f1al\u00f3 que la escena estaba muy contaminada, por tal raz\u00f3n no pudo descifrar el n\u00famero de heri-das, dijo que la fiscal\u00eda trabaja en el levantamiento y proceder\u00e1 a trasladar el cuerpo al Instituto Nacional de Ciencias Forenses en Santiago, para fines legales.<\/p>\n\n\n\n<figure class=\"wp-block-image size-full\"><img loading=\"lazy\" decoding=\"async\" width=\"820\" height=\"529\" src=\"https:\/\/rr.unv-informacion.xyz\/wp-content\/uploads\/2025\/04\/eiamjamcamerr.jpg\" alt=\"\" class=\"wp-image-8262\" srcset=\"https:\/\/rr.unv-informacion.xyz\/wp-content\/uploads\/2025\/04\/eiamjamcamerr.jpg 820w, https:\/\/rr.unv-informacion.xyz\/wp-content\/uploads\/2025\/04\/eiamjamcamerr-300x194.jpg 300w, https:\/\/rr.unv-informacion.xyz\/wp-content\/uploads\/2025\/04\/eiamjamcamerr-768x495.jpg 768w, https:\/\/rr.unv-informacion.xyz\/wp-content\/uploads\/2025\/04\/eiamjamcamerr-651x420.jpg 651w, https:\/\/rr.unv-informacion.xyz\/wp-content\/uploads\/2025\/04\/eiamjamcamerr-341x220.jpg 341w, https:\/\/rr.unv-informacion.xyz\/wp-content\/uploads\/2025\/04\/eiamjamcamerr-640x413.jpg 640w, https:\/\/rr.unv-informacion.xyz\/wp-content\/uploads\/2025\/04\/eiamjamcamerr-681x439.jpg 681w\" sizes=\"auto, (max-width: 820px) 100vw, 820px\" \/><\/figure>\n\n\n\n<figure class=\"wp-block-embed is-type-video is-provider-youtube wp-block-embed-youtube wp-embed-aspect-16-9 wp-has-aspect-ratio\"><div class=\"wp-block-embed__wrapper\">\n<iframe loading=\"lazy\" title=\"Hombre le quita la vida a su pareja en Moca \u201cperd\u00f3name Javier\u201d\" width=\"640\" height=\"360\" src=\"https:\/\/www.youtube.com\/embed\/0po9a_836bQ?feature=oembed\" frameborder=\"0\" allow=\"accelerometer; autoplay; clipboard-write; encrypted-media; gyroscope; picture-in-picture; web-share\" referrerpolicy=\"strict-origin-when-cross-origin\" allowfullscreen><\/iframe>\n<\/div><\/figure>\n","protected":false},"excerpt":{"rendered":"<p>Otro hombre cegado por los celos le quit\u00f3 la vida a su pareja sentimental, en un hecho ocurrido en el barrio Las Flores, del municipio de Moca. La hoy occisa fue identificada como Wendy Josefina Pe\u00f1a Bonilla, aproximadamente de 41 a\u00f1os de edad, quien se convierte en otra v\u00edctima de feminicidio. El agresor fue identificado [&hellip;]<\/p>\n","protected":false},"author":1,"featured_media":8263,"comment_status":"open","ping_status":"open","sticky":false,"template":"","format":"standard","meta":{"footnotes":""},"categories":[1],"tags":[],"class_list":["post-8261","post","type-post","status-publish","format-standard","has-post-thumbnail","hentry","category-uncategorized"],"_links":{"self":[{"href":"https:\/\/rr.unv-informacion.xyz\/index.php?rest_route=\/wp\/v2\/posts\/8261","targetHints":{"allow":["GET"]}}],"collection":[{"href":"https:\/\/rr.unv-informacion.xyz\/index.php?rest_route=\/wp\/v2\/posts"}],"about":[{"href":"https:\/\/rr.unv-informacion.xyz\/index.php?rest_route=\/wp\/v2\/types\/post"}],"author":[{"embeddable":true,"href":"https:\/\/rr.unv-informacion.xyz\/index.php?rest_route=\/wp\/v2\/users\/1"}],"replies":[{"embeddable":true,"href":"https:\/\/rr.unv-informacion.xyz\/index.php?rest_route=%2Fwp%2Fv2%2Fcomments&post=8261"}],"version-history":[{"count":1,"href":"https:\/\/rr.unv-informacion.xyz\/index.php?rest_route=\/wp\/v2\/posts\/8261\/revisions"}],"predecessor-version":[{"id":8264,"href":"https:\/\/rr.unv-informacion.xyz\/index.php?rest_route=\/wp\/v2\/posts\/8261\/revisions\/8264"}],"wp:featuredmedia":[{"embeddable":true,"href":"https:\/\/rr.unv-informacion.xyz\/index.php?rest_route=\/wp\/v2\/media\/8263"}],"wp:attachment":[{"href":"https:\/\/rr.unv-informacion.xyz\/index.php?rest_route=%2Fwp%2Fv2%2Fmedia&parent=8261"}],"wp:term":[{"taxonomy":"category","embeddable":true,"href":"https:\/\/rr.unv-informacion.xyz\/index.php?rest_route=%2Fwp%2Fv2%2Fcategories&post=8261"},{"taxonomy":"post_tag","embeddable":true,"href":"https:\/\/rr.unv-informacion.xyz\/index.php?rest_route=%2Fwp%2Fv2%2Ftags&post=8261"}],"curies":[{"name":"wp","href":"https:\/\/api.w.org\/{rel}","templated":true}]}}