{"id":8266,"date":"2025-04-07T21:19:05","date_gmt":"2025-04-07T21:19:05","guid":{"rendered":"https:\/\/rr.unv-informacion.xyz\/?p=8266"},"modified":"2025-04-07T21:19:06","modified_gmt":"2025-04-07T21:19:06","slug":"refuerzan-busqueda-de-roldany-con-llegada-de-convoy-militar-a-manabao","status":"publish","type":"post","link":"https:\/\/rr.unv-informacion.xyz\/?p=8266","title":{"rendered":"Refuerzan b\u00fasqueda de Roldany con llegada de convoy militar a Manabao"},"content":{"rendered":"\n<p class=\"wp-block-paragraph\">Llegan 32 militares a Manabao para reforzar la b\u00fasqueda del ni\u00f1o Roldany Calder\u00f3n; operativos se ampl\u00edan a Constanza y Moca.<\/p>\n\n\n\n<p class=\"wp-block-paragraph\">Jarabacoa, La Vega.\u2013 Las labores de b\u00fasqueda del ni\u00f1o Roldany Calder\u00f3n, desaparecido desde hace m\u00e1s de una semana en la comunidad de Manabao, recibieron un nuevo impulso con la llegada de un convoy militar este domingo.<\/p>\n\n\n\n<p class=\"wp-block-paragraph\">Seg\u00fan reportes del comunicador local conocido como La Vega Mundial o \u201cWiu Wiu\u201d, al menos 32 miembros de las fuerzas militares arribaron al lugar este domingo para unirse a los operativos.<\/p>\n\n\n\n<p class=\"wp-block-paragraph\">La presencia militar tiene como objetivo reforzar las labores de rastreo en la zona boscosa donde fue visto por \u00faltima vez el menor. De acuerdo con las im\u00e1genes difundidas por el comunicador, los militares est\u00e1n despleg\u00e1ndose para peinar el \u00e1rea y ampliar el alcance de la b\u00fasqueda.<\/p>\n\n\n\n<p class=\"wp-block-paragraph\">Aunque se hab\u00eda mencionado una posible marcha en apoyo a la causa, esta no se llev\u00f3 a cabo durante el d\u00eda. Sin embargo, la atenci\u00f3n p\u00fablica y el seguimiento al caso contin\u00faan activos, con ciudadanos pendientes del desarrollo de cada nuevo operativo.<\/p>\n\n\n\n<p class=\"wp-block-paragraph\">Por otro lado, el vocero de la Polic\u00eda Nacional inform\u00f3 este mismo domingo que los esfuerzos para localizar al menor se han intensificado. Ahora, adem\u00e1s de Manabao, las labores de b\u00fasqueda se extienden tambi\u00e9n hacia las zonas de Constanza y Moca, como parte de un plan estrat\u00e9gico para cubrir un radio m\u00e1s amplio.<\/p>\n\n\n\n<p class=\"wp-block-paragraph\">Las autoridades a\u00fan no han informado sobre hallazgos relevantes, pero mantienen desplegados equipos especializados, incluyendo personal militar, unidades caninas, drones y grupos de rescate. La colaboraci\u00f3n entre distintas instituciones contin\u00faa siendo clave en este proceso de rastreo, mientras la comunidad espera noticias esperanzadoras.<\/p>\n\n\n\n<p class=\"wp-block-paragraph\">El caso de Roldany Calder\u00f3n ha conmovido a todo el pa\u00eds, generando solidaridad y presi\u00f3n social para que se mantenga la intensidad en la b\u00fasqueda. Los nuevos refuerzos militares representan un avance log\u00edstico importante en el intento por encontrar al ni\u00f1o, cuyo paradero a\u00fan se desconoce.<\/p>\n\n\n<iframe loading=\"lazy\" src=\"https:\/\/www.facebook.com\/plugins\/video.php?href=https%3A%2F%2Fwww.facebook.com%2Flavegamundial%2Fvideos%2F4030123847206111%2F%3Fref%3Dembed_video&#038;show_text=0&#038;width=476\" width=\"476\" height=\"476\" style=\"border:none;overflow:hidden\" scrolling=\"no\" frameborder=\"0\" allowfullscreen=\"true\" allow=\"autoplay; clipboard-write; encrypted-media; picture-in-picture; web-share\" allowFullScreen=\"true\"><\/iframe>","protected":false},"excerpt":{"rendered":"<p>Llegan 32 militares a Manabao para reforzar la b\u00fasqueda del ni\u00f1o Roldany Calder\u00f3n; operativos se ampl\u00edan a Constanza y Moca. Jarabacoa, La Vega.\u2013 Las labores de b\u00fasqueda del ni\u00f1o Roldany Calder\u00f3n, desaparecido desde hace m\u00e1s de una semana en la comunidad de Manabao, recibieron un nuevo impulso con la llegada de un convoy militar este [&hellip;]<\/p>\n","protected":false},"author":1,"featured_media":8267,"comment_status":"open","ping_status":"open","sticky":false,"template":"","format":"standard","meta":{"footnotes":""},"categories":[1],"tags":[],"class_list":["post-8266","post","type-post","status-publish","format-standard","has-post-thumbnail","hentry","category-uncategorized"],"_links":{"self":[{"href":"https:\/\/rr.unv-informacion.xyz\/index.php?rest_route=\/wp\/v2\/posts\/8266","targetHints":{"allow":["GET"]}}],"collection":[{"href":"https:\/\/rr.unv-informacion.xyz\/index.php?rest_route=\/wp\/v2\/posts"}],"about":[{"href":"https:\/\/rr.unv-informacion.xyz\/index.php?rest_route=\/wp\/v2\/types\/post"}],"author":[{"embeddable":true,"href":"https:\/\/rr.unv-informacion.xyz\/index.php?rest_route=\/wp\/v2\/users\/1"}],"replies":[{"embeddable":true,"href":"https:\/\/rr.unv-informacion.xyz\/index.php?rest_route=%2Fwp%2Fv2%2Fcomments&post=8266"}],"version-history":[{"count":1,"href":"https:\/\/rr.unv-informacion.xyz\/index.php?rest_route=\/wp\/v2\/posts\/8266\/revisions"}],"predecessor-version":[{"id":8268,"href":"https:\/\/rr.unv-informacion.xyz\/index.php?rest_route=\/wp\/v2\/posts\/8266\/revisions\/8268"}],"wp:featuredmedia":[{"embeddable":true,"href":"https:\/\/rr.unv-informacion.xyz\/index.php?rest_route=\/wp\/v2\/media\/8267"}],"wp:attachment":[{"href":"https:\/\/rr.unv-informacion.xyz\/index.php?rest_route=%2Fwp%2Fv2%2Fmedia&parent=8266"}],"wp:term":[{"taxonomy":"category","embeddable":true,"href":"https:\/\/rr.unv-informacion.xyz\/index.php?rest_route=%2Fwp%2Fv2%2Fcategories&post=8266"},{"taxonomy":"post_tag","embeddable":true,"href":"https:\/\/rr.unv-informacion.xyz\/index.php?rest_route=%2Fwp%2Fv2%2Ftags&post=8266"}],"curies":[{"name":"wp","href":"https:\/\/api.w.org\/{rel}","templated":true}]}}