{"id":8269,"date":"2025-04-07T21:21:27","date_gmt":"2025-04-07T21:21:27","guid":{"rendered":"https:\/\/rr.unv-informacion.xyz\/?p=8269"},"modified":"2025-04-07T21:21:27","modified_gmt":"2025-04-07T21:21:27","slug":"joven-policia-pierde-la-vida-durante-una-discusion","status":"publish","type":"post","link":"https:\/\/rr.unv-informacion.xyz\/?p=8269","title":{"rendered":"Joven polic\u00eda pierde la vida durante una discusi\u00f3n"},"content":{"rendered":"\n<p class=\"wp-block-paragraph\">Un joven polic\u00eda fallece en una discusi\u00f3n en El Caf\u00e9 de Herrera; investigan el hecho ocurrido en la calle 23.<\/p>\n\n\n\n<p class=\"wp-block-paragraph\">Un joven identificado como Jim\u00e9nez, quien se desempe\u00f1aba como miembro de la Polic\u00eda Nacional, perdi\u00f3 la vida en la madrugada de este domingo en la calle 23 del sector El Caf\u00e9 de Herrera, Santo Domingo Oeste, en Rep\u00fablica Dominicana.<\/p>\n\n\n\n<p class=\"wp-block-paragraph\">Seg\u00fan informaciones recibidas, el hecho ocurri\u00f3 mientras compart\u00eda en el lugar, cuando se habr\u00eda producido una discusi\u00f3n que termin\u00f3 con su fallecimiento.<\/p>\n\n\n\n<p class=\"wp-block-paragraph\">De acuerdo con los datos disponibles, el joven resid\u00eda en la misma calle 23 donde sucedieron los hechos. Durante la discusi\u00f3n, presuntamente, alguien le habr\u00eda quitado la vida utilizando su propia arma de fuego.<\/p>\n\n\n\n<p class=\"wp-block-paragraph\">Hasta el momento, no se han ofrecido detalles oficiales sobre la identidad de la persona responsable, ni sobre las circunstancias exactas que provocaron el suceso.<\/p>\n\n\n\n<p class=\"wp-block-paragraph\">Personas cercanas al entorno han solicitado a las autoridades que se investigue lo ocurrido y que se logre identificar al responsable de quitarle la vida a este joven.<\/p>\n\n\n\n<p class=\"wp-block-paragraph\">Se espera que las autoridades correspondientes realicen las investigaciones necesarias para esclarecer lo sucedido en este caso que ha causado preocupaci\u00f3n en la comunidad.<\/p>\n\n\n\n<figure class=\"wp-block-image size-large\"><img loading=\"lazy\" decoding=\"async\" width=\"1024\" height=\"1024\" src=\"https:\/\/rr.unv-informacion.xyz\/wp-content\/uploads\/2025\/04\/486657403_982223754000010_7565864751103426784_n-1024x1024.jpg\" alt=\"\" class=\"wp-image-8270\" srcset=\"https:\/\/rr.unv-informacion.xyz\/wp-content\/uploads\/2025\/04\/486657403_982223754000010_7565864751103426784_n-1024x1024.jpg 1024w, https:\/\/rr.unv-informacion.xyz\/wp-content\/uploads\/2025\/04\/486657403_982223754000010_7565864751103426784_n-300x300.jpg 300w, https:\/\/rr.unv-informacion.xyz\/wp-content\/uploads\/2025\/04\/486657403_982223754000010_7565864751103426784_n-150x150.jpg 150w, https:\/\/rr.unv-informacion.xyz\/wp-content\/uploads\/2025\/04\/486657403_982223754000010_7565864751103426784_n-768x768.jpg 768w, https:\/\/rr.unv-informacion.xyz\/wp-content\/uploads\/2025\/04\/486657403_982223754000010_7565864751103426784_n-420x420.jpg 420w, https:\/\/rr.unv-informacion.xyz\/wp-content\/uploads\/2025\/04\/486657403_982223754000010_7565864751103426784_n.jpg 1052w\" sizes=\"auto, (max-width: 1024px) 100vw, 1024px\" \/><\/figure>\n","protected":false},"excerpt":{"rendered":"<p>Un joven polic\u00eda fallece en una discusi\u00f3n en El Caf\u00e9 de Herrera; investigan el hecho ocurrido en la calle 23. Un joven identificado como Jim\u00e9nez, quien se desempe\u00f1aba como miembro de la Polic\u00eda Nacional, perdi\u00f3 la vida en la madrugada de este domingo en la calle 23 del sector El Caf\u00e9 de Herrera, Santo Domingo [&hellip;]<\/p>\n","protected":false},"author":1,"featured_media":8270,"comment_status":"open","ping_status":"open","sticky":false,"template":"","format":"standard","meta":{"footnotes":""},"categories":[1],"tags":[],"class_list":["post-8269","post","type-post","status-publish","format-standard","has-post-thumbnail","hentry","category-uncategorized"],"_links":{"self":[{"href":"https:\/\/rr.unv-informacion.xyz\/index.php?rest_route=\/wp\/v2\/posts\/8269","targetHints":{"allow":["GET"]}}],"collection":[{"href":"https:\/\/rr.unv-informacion.xyz\/index.php?rest_route=\/wp\/v2\/posts"}],"about":[{"href":"https:\/\/rr.unv-informacion.xyz\/index.php?rest_route=\/wp\/v2\/types\/post"}],"author":[{"embeddable":true,"href":"https:\/\/rr.unv-informacion.xyz\/index.php?rest_route=\/wp\/v2\/users\/1"}],"replies":[{"embeddable":true,"href":"https:\/\/rr.unv-informacion.xyz\/index.php?rest_route=%2Fwp%2Fv2%2Fcomments&post=8269"}],"version-history":[{"count":1,"href":"https:\/\/rr.unv-informacion.xyz\/index.php?rest_route=\/wp\/v2\/posts\/8269\/revisions"}],"predecessor-version":[{"id":8271,"href":"https:\/\/rr.unv-informacion.xyz\/index.php?rest_route=\/wp\/v2\/posts\/8269\/revisions\/8271"}],"wp:featuredmedia":[{"embeddable":true,"href":"https:\/\/rr.unv-informacion.xyz\/index.php?rest_route=\/wp\/v2\/media\/8270"}],"wp:attachment":[{"href":"https:\/\/rr.unv-informacion.xyz\/index.php?rest_route=%2Fwp%2Fv2%2Fmedia&parent=8269"}],"wp:term":[{"taxonomy":"category","embeddable":true,"href":"https:\/\/rr.unv-informacion.xyz\/index.php?rest_route=%2Fwp%2Fv2%2Fcategories&post=8269"},{"taxonomy":"post_tag","embeddable":true,"href":"https:\/\/rr.unv-informacion.xyz\/index.php?rest_route=%2Fwp%2Fv2%2Ftags&post=8269"}],"curies":[{"name":"wp","href":"https:\/\/api.w.org\/{rel}","templated":true}]}}