{"id":8275,"date":"2025-04-07T21:51:08","date_gmt":"2025-04-07T21:51:08","guid":{"rendered":"https:\/\/rr.unv-informacion.xyz\/?p=8275"},"modified":"2025-04-07T21:51:09","modified_gmt":"2025-04-07T21:51:09","slug":"ocho-dias-sin-rastro-del-pequeno-roldany-en-manabao-la-vega","status":"publish","type":"post","link":"https:\/\/rr.unv-informacion.xyz\/?p=8275","title":{"rendered":"Ocho d\u00edas sin rastro del peque\u00f1o Roldany en Manabao, La Vega"},"content":{"rendered":"\n<p class=\"wp-block-paragraph\">Roldany Calder\u00f3n, de 3 a\u00f1os, desapareci\u00f3 en Los Tablones, Jarabacoa. Sigue la b\u00fasqueda sin pistas claras tras ocho d\u00edas.<\/p>\n\n\n\n<p class=\"wp-block-paragraph\">Han pasado ocho d\u00edas desde la desaparici\u00f3n del peque\u00f1o Roldany Calder\u00f3n, un ni\u00f1o de apenas 3 a\u00f1os, y su paradero sigue siendo un misterio. Todo ocurri\u00f3 el domingo 30 de marzo de 2025, cuando Roldany estaba jugando en el patio de la casa de una t\u00eda de su madre, en la comunidad rural de Los Tablones, distrito municipal de Manabao, en Jarabacoa, provincia La Vega.<\/p>\n\n\n\n<p class=\"wp-block-paragraph\">Seg\u00fan cont\u00f3 su padre, Efra\u00edn Calder\u00f3n, el ni\u00f1o estaba acompa\u00f1ado de su hermanita y otra ni\u00f1a cuando, de repente, desapareci\u00f3. Desde ese momento, comenz\u00f3 una intensa b\u00fasqueda que, hasta hoy, no ha dado resultados claros. A pesar del esfuerzo de las autoridades y voluntarios, a\u00fan no hay pistas firmes sobre lo que ocurri\u00f3.<\/p>\n\n\n\n<p class=\"wp-block-paragraph\">El primer d\u00eda, familiares y vecinos comenzaron a buscarlo por los alrededores. Luego, la Polic\u00eda Nacional se uni\u00f3 a las labores. Con el paso de los d\u00edas, se sumaron m\u00e1s cuerpos de seguridad y rescate: el Ministerio P\u00fablico, el Ej\u00e9rcito, la Defensa Civil, y equipos especializados con drones, c\u00e1maras t\u00e9rmicas y perros entrenados.<\/p>\n\n\n\n<p class=\"wp-block-paragraph\">Una reconstrucci\u00f3n de los hechos se realiz\u00f3 en la casa de la t\u00eda donde ocurri\u00f3 la desaparici\u00f3n. Tambi\u00e9n se interrogaron varias veces a las 13 personas que estaban presentes en ese momento. Seg\u00fan el Ministerio P\u00fablico, se han hecho allanamientos en distintos lugares de Jarabacoa, y se ha ampliado el per\u00edmetro de b\u00fasqueda hasta comunidades de Constanza y Moca.<\/p>\n\n\n\n<p class=\"wp-block-paragraph\">Reporteros del peri\u00f3dico List\u00edn Diario visitaron la zona donde desapareci\u00f3 el ni\u00f1o. La b\u00fasqueda se concentra en una zona monta\u00f1osa de dif\u00edcil acceso, al borde del Parque Nacional Armando Berm\u00fadez. All\u00ed solo hay dos casas y caminos muy estrechos que solo se pueden recorrer a pie o a caballo.<\/p>\n\n\n\n<p class=\"wp-block-paragraph\">Tambi\u00e9n, reporteros del List\u00edn Diario pudieron constatar que las autoridades han contradado los servicios de una clarividente como parte del operativo, aunque este m\u00e9todo no ha dado resultados.<\/p>\n\n\n\n<p class=\"wp-block-paragraph\">El s\u00e1bado 5 de abril, se redujo el n\u00famero de personas buscando al ni\u00f1o. De las m\u00e1s de 150 del d\u00eda anterior, solo quedaban alrededor de 30, seg\u00fan se pudo contar por la cantidad de platos de comida que entregaron los encargados del operativo.<\/p>\n\n\n\n<p class=\"wp-block-paragraph\">Ese mismo d\u00eda, la hermanita mayor de Roldany fue llevada a la fiscal\u00eda para ser entrevistada en la c\u00e1mara Gesell. La madre del ni\u00f1o, Carolin Vargas, se opuso al traslado y fue esposada moment\u00e1neamente, lo que le caus\u00f3 laceraciones en las mu\u00f1ecas. Luego fue liberada.<\/p>\n\n\n\n<p class=\"wp-block-paragraph\">Hasta ahora, las autoridades aseguran que siguen trabajando, entrevistando personas, revisando c\u00e1maras y rastreando nuevas zonas. Pero lo cierto es que han pasado ocho d\u00edas y a\u00fan no se sabe d\u00f3nde est\u00e1 Roldany. Su familia vive una angustia profunda y no pierde la esperanza de encontrarlo con vida. La comunidad tambi\u00e9n est\u00e1 unida en oraciones y apoyo a la familia, esperando noticias positivas muy pronto.<\/p>\n","protected":false},"excerpt":{"rendered":"<p>Roldany Calder\u00f3n, de 3 a\u00f1os, desapareci\u00f3 en Los Tablones, Jarabacoa. Sigue la b\u00fasqueda sin pistas claras tras ocho d\u00edas. Han pasado ocho d\u00edas desde la desaparici\u00f3n del peque\u00f1o Roldany Calder\u00f3n, un ni\u00f1o de apenas 3 a\u00f1os, y su paradero sigue siendo un misterio. Todo ocurri\u00f3 el domingo 30 de marzo de 2025, cuando Roldany estaba [&hellip;]<\/p>\n","protected":false},"author":1,"featured_media":8276,"comment_status":"open","ping_status":"open","sticky":false,"template":"","format":"standard","meta":{"footnotes":""},"categories":[1],"tags":[],"class_list":["post-8275","post","type-post","status-publish","format-standard","has-post-thumbnail","hentry","category-uncategorized"],"_links":{"self":[{"href":"https:\/\/rr.unv-informacion.xyz\/index.php?rest_route=\/wp\/v2\/posts\/8275","targetHints":{"allow":["GET"]}}],"collection":[{"href":"https:\/\/rr.unv-informacion.xyz\/index.php?rest_route=\/wp\/v2\/posts"}],"about":[{"href":"https:\/\/rr.unv-informacion.xyz\/index.php?rest_route=\/wp\/v2\/types\/post"}],"author":[{"embeddable":true,"href":"https:\/\/rr.unv-informacion.xyz\/index.php?rest_route=\/wp\/v2\/users\/1"}],"replies":[{"embeddable":true,"href":"https:\/\/rr.unv-informacion.xyz\/index.php?rest_route=%2Fwp%2Fv2%2Fcomments&post=8275"}],"version-history":[{"count":1,"href":"https:\/\/rr.unv-informacion.xyz\/index.php?rest_route=\/wp\/v2\/posts\/8275\/revisions"}],"predecessor-version":[{"id":8277,"href":"https:\/\/rr.unv-informacion.xyz\/index.php?rest_route=\/wp\/v2\/posts\/8275\/revisions\/8277"}],"wp:featuredmedia":[{"embeddable":true,"href":"https:\/\/rr.unv-informacion.xyz\/index.php?rest_route=\/wp\/v2\/media\/8276"}],"wp:attachment":[{"href":"https:\/\/rr.unv-informacion.xyz\/index.php?rest_route=%2Fwp%2Fv2%2Fmedia&parent=8275"}],"wp:term":[{"taxonomy":"category","embeddable":true,"href":"https:\/\/rr.unv-informacion.xyz\/index.php?rest_route=%2Fwp%2Fv2%2Fcategories&post=8275"},{"taxonomy":"post_tag","embeddable":true,"href":"https:\/\/rr.unv-informacion.xyz\/index.php?rest_route=%2Fwp%2Fv2%2Ftags&post=8275"}],"curies":[{"name":"wp","href":"https:\/\/api.w.org\/{rel}","templated":true}]}}