{"id":8278,"date":"2025-04-07T21:55:35","date_gmt":"2025-04-07T21:55:35","guid":{"rendered":"https:\/\/rr.unv-informacion.xyz\/?p=8278"},"modified":"2025-04-07T21:55:36","modified_gmt":"2025-04-07T21:55:36","slug":"comunicador-rudy-paredes-sera-interrogado-por-caso-manabao","status":"publish","type":"post","link":"https:\/\/rr.unv-informacion.xyz\/?p=8278","title":{"rendered":"Comunicador Rudy Paredes ser\u00e1 interrogado por caso Manabao"},"content":{"rendered":"\n<p class=\"wp-block-paragraph\">San Francisco de Macor\u00eds, Rep\u00fablica Dominicana. El CEO de la plataforma digital Tango 056, Rudimir Paredes, ha sido contactado por el Ministerio P\u00fablico en relaci\u00f3n al caso de la desaparici\u00f3n del ni\u00f1o Roldany Calder\u00f3n en Manabao.<\/p>\n\n\n\n<p class=\"wp-block-paragraph\">Paredes est\u00e1 siendo trasladado a la fiscal\u00eda del municipio de Jarabacoa, provincia La Vega. All\u00ed ser\u00e1 interrogado por la magistrada Olga Din\u00e1, de la procuradur\u00eda general de Ni\u00f1os, Ni\u00f1as y Adolescentes.<\/p>\n\n\n\n<p class=\"wp-block-paragraph\">El comunicador Jonathan Suarez, de Agenda56, acompa\u00f1a a Paredes en el traslado. Ambos se encuentran en una unidad del Departamento de Investigaciones Criminales (DICRIM), a cargo del comandante Bonilla.<\/p>\n\n\n\n<p class=\"wp-block-paragraph\">Este movimiento se produce despu\u00e9s de que Rudimir Paredes difundiera en su plataforma de Facebook, el pasado s\u00e1bado por la noche, haber sido contactado por un ciudadano mexicano. Dicho ciudadano asegura haber visto al ni\u00f1o Roldany Calder\u00f3n cruzando la frontera en compa\u00f1\u00eda de otra persona. La informaci\u00f3n proporcionada por Paredes ha generado un nuevo giro en la investigaci\u00f3n del caso.<\/p>\n\n\n\n<figure class=\"wp-block-embed is-type-video is-provider-youtube wp-block-embed-youtube wp-embed-aspect-16-9 wp-has-aspect-ratio\"><div class=\"wp-block-embed__wrapper\">\n<iframe loading=\"lazy\" title=\"INTERROGAR\u00c1N COMUNICADOR DE SFM POR CASO DEL NI\u00d1O DESAPARECIDO EN MANABAO\" width=\"640\" height=\"360\" src=\"https:\/\/www.youtube.com\/embed\/KajWjli41lQ?feature=oembed\" frameborder=\"0\" allow=\"accelerometer; autoplay; clipboard-write; encrypted-media; gyroscope; picture-in-picture; web-share\" referrerpolicy=\"strict-origin-when-cross-origin\" allowfullscreen><\/iframe>\n<\/div><\/figure>\n","protected":false},"excerpt":{"rendered":"<p>San Francisco de Macor\u00eds, Rep\u00fablica Dominicana. El CEO de la plataforma digital Tango 056, Rudimir Paredes, ha sido contactado por el Ministerio P\u00fablico en relaci\u00f3n al caso de la desaparici\u00f3n del ni\u00f1o Roldany Calder\u00f3n en Manabao. Paredes est\u00e1 siendo trasladado a la fiscal\u00eda del municipio de Jarabacoa, provincia La Vega. All\u00ed ser\u00e1 interrogado por la [&hellip;]<\/p>\n","protected":false},"author":1,"featured_media":8279,"comment_status":"open","ping_status":"open","sticky":false,"template":"","format":"standard","meta":{"footnotes":""},"categories":[1],"tags":[],"class_list":["post-8278","post","type-post","status-publish","format-standard","has-post-thumbnail","hentry","category-uncategorized"],"_links":{"self":[{"href":"https:\/\/rr.unv-informacion.xyz\/index.php?rest_route=\/wp\/v2\/posts\/8278","targetHints":{"allow":["GET"]}}],"collection":[{"href":"https:\/\/rr.unv-informacion.xyz\/index.php?rest_route=\/wp\/v2\/posts"}],"about":[{"href":"https:\/\/rr.unv-informacion.xyz\/index.php?rest_route=\/wp\/v2\/types\/post"}],"author":[{"embeddable":true,"href":"https:\/\/rr.unv-informacion.xyz\/index.php?rest_route=\/wp\/v2\/users\/1"}],"replies":[{"embeddable":true,"href":"https:\/\/rr.unv-informacion.xyz\/index.php?rest_route=%2Fwp%2Fv2%2Fcomments&post=8278"}],"version-history":[{"count":1,"href":"https:\/\/rr.unv-informacion.xyz\/index.php?rest_route=\/wp\/v2\/posts\/8278\/revisions"}],"predecessor-version":[{"id":8280,"href":"https:\/\/rr.unv-informacion.xyz\/index.php?rest_route=\/wp\/v2\/posts\/8278\/revisions\/8280"}],"wp:featuredmedia":[{"embeddable":true,"href":"https:\/\/rr.unv-informacion.xyz\/index.php?rest_route=\/wp\/v2\/media\/8279"}],"wp:attachment":[{"href":"https:\/\/rr.unv-informacion.xyz\/index.php?rest_route=%2Fwp%2Fv2%2Fmedia&parent=8278"}],"wp:term":[{"taxonomy":"category","embeddable":true,"href":"https:\/\/rr.unv-informacion.xyz\/index.php?rest_route=%2Fwp%2Fv2%2Fcategories&post=8278"},{"taxonomy":"post_tag","embeddable":true,"href":"https:\/\/rr.unv-informacion.xyz\/index.php?rest_route=%2Fwp%2Fv2%2Ftags&post=8278"}],"curies":[{"name":"wp","href":"https:\/\/api.w.org\/{rel}","templated":true}]}}