{"id":8350,"date":"2025-04-10T19:05:12","date_gmt":"2025-04-10T19:05:12","guid":{"rendered":"https:\/\/rr.unv-informacion.xyz\/?p=8350"},"modified":"2025-04-10T19:05:13","modified_gmt":"2025-04-10T19:05:13","slug":"fallec3n-madre-e-hija-del-en-incident3-en-jet-set","status":"publish","type":"post","link":"https:\/\/rr.unv-informacion.xyz\/?p=8350","title":{"rendered":"Fallec3n madre e hija del en incident3 en Jet Set"},"content":{"rendered":"\n<p class=\"wp-block-paragraph\">Republica Dominicana, Fallec3n Mirian Javier y Shakira Echavarr\u00eda en Jet Set; comunidad de Caballero muestra solidaridad tras el tr\u00e1gico suceso.<\/p>\n\n\n\n<p class=\"wp-block-paragraph\">Nos unimos al dolor de las familias del distrito municipal de Caballero por el fallecimiento de Mirian Javier y Shakira Echavarr\u00eda, madre e hija. Ambas perdieron la vida tras un tr\u00e1gico hecho ocurrido en Jet Set, un suceso que ha causado una gran consternaci\u00f3n en toda la sociedad dominicana.<\/p>\n\n\n\n<p class=\"wp-block-paragraph\">La comunidad de Caballero se encuentra profundamente afectada tras esta p\u00e9rdida. Mirian Javier y su hija Shakira Echavarr\u00eda eran personas muy queridas en su localidad. Por eso, su fallecimiento ha provocado una gran tristeza entre sus vecinos, familiares y amigos.<\/p>\n\n\n\n<p class=\"wp-block-paragraph\">as autoridades y miembros de la comunidad han expresado su solidaridad hacia los familiares de Mirian y Shakira. Esta \u00faltima, se presume que era amiga de Yailin La M\u00e1s Viral. Durante este dif\u00edcil momento, muchos han resaltado la importancia de la uni\u00f3n entre vecinos y de brindar apoyo a quienes m\u00e1s lo necesitan.<\/p>\n\n\n\n<p class=\"wp-block-paragraph\">Tambi\u00e9n falleci\u00f3 Maria Isabel Peguero, una joven del municipio de Fantino, ambas fallecidas tr\u00e1gicamente en lo ocurrido en la discoteca.<\/p>\n\n\n\n<p class=\"wp-block-paragraph\">\u201cQue Dios les conceda descanso eterno y fortaleza a sus seres queridos\u201d, es el mensaje que se ha compartido ampliamente entre quienes conoc\u00edan a Mirian Javier y Shakira Echavarr\u00eda. La frase refleja el deseo colectivo de acompa\u00f1ar a las familias en su dolor y de pedir por la paz de las fallecidas.<\/p>\n\n\n\n<figure class=\"wp-block-image size-full\"><img loading=\"lazy\" decoding=\"async\" width=\"768\" height=\"842\" src=\"https:\/\/rr.unv-informacion.xyz\/wp-content\/uploads\/2025\/04\/489952486_1363442198410863_8870828113831836488_n-768x842-1.jpg\" alt=\"\" class=\"wp-image-8351\" srcset=\"https:\/\/rr.unv-informacion.xyz\/wp-content\/uploads\/2025\/04\/489952486_1363442198410863_8870828113831836488_n-768x842-1.jpg 768w, https:\/\/rr.unv-informacion.xyz\/wp-content\/uploads\/2025\/04\/489952486_1363442198410863_8870828113831836488_n-768x842-1-274x300.jpg 274w, https:\/\/rr.unv-informacion.xyz\/wp-content\/uploads\/2025\/04\/489952486_1363442198410863_8870828113831836488_n-768x842-1-383x420.jpg 383w, https:\/\/rr.unv-informacion.xyz\/wp-content\/uploads\/2025\/04\/489952486_1363442198410863_8870828113831836488_n-768x842-1-640x702.jpg 640w, https:\/\/rr.unv-informacion.xyz\/wp-content\/uploads\/2025\/04\/489952486_1363442198410863_8870828113831836488_n-768x842-1-681x747.jpg 681w\" sizes=\"auto, (max-width: 768px) 100vw, 768px\" \/><\/figure>\n\n\n\n<figure class=\"wp-block-image size-full\"><img loading=\"lazy\" decoding=\"async\" width=\"395\" height=\"506\" src=\"https:\/\/rr.unv-informacion.xyz\/wp-content\/uploads\/2025\/04\/Screenshot_10.jpg\" alt=\"\" class=\"wp-image-8352\" srcset=\"https:\/\/rr.unv-informacion.xyz\/wp-content\/uploads\/2025\/04\/Screenshot_10.jpg 395w, https:\/\/rr.unv-informacion.xyz\/wp-content\/uploads\/2025\/04\/Screenshot_10-234x300.jpg 234w, https:\/\/rr.unv-informacion.xyz\/wp-content\/uploads\/2025\/04\/Screenshot_10-328x420.jpg 328w\" sizes=\"auto, (max-width: 395px) 100vw, 395px\" \/><\/figure>\n\n\n\n<figure class=\"wp-block-image size-full\"><img loading=\"lazy\" decoding=\"async\" width=\"433\" height=\"544\" src=\"https:\/\/rr.unv-informacion.xyz\/wp-content\/uploads\/2025\/04\/Screenshot_2-6.jpg\" alt=\"\" class=\"wp-image-8353\" srcset=\"https:\/\/rr.unv-informacion.xyz\/wp-content\/uploads\/2025\/04\/Screenshot_2-6.jpg 433w, https:\/\/rr.unv-informacion.xyz\/wp-content\/uploads\/2025\/04\/Screenshot_2-6-239x300.jpg 239w, https:\/\/rr.unv-informacion.xyz\/wp-content\/uploads\/2025\/04\/Screenshot_2-6-334x420.jpg 334w\" sizes=\"auto, (max-width: 433px) 100vw, 433px\" \/><\/figure>\n\n\n\n<figure class=\"wp-block-embed is-type-video is-provider-youtube wp-block-embed-youtube wp-embed-aspect-16-9 wp-has-aspect-ratio\"><div class=\"wp-block-embed__wrapper\">\n<iframe loading=\"lazy\" title=\"Fallecen madre e hija del en incidente en Jet Set\" width=\"640\" height=\"360\" src=\"https:\/\/www.youtube.com\/embed\/fmC_lvbSoNk?feature=oembed\" frameborder=\"0\" allow=\"accelerometer; autoplay; clipboard-write; encrypted-media; gyroscope; picture-in-picture; web-share\" referrerpolicy=\"strict-origin-when-cross-origin\" allowfullscreen><\/iframe>\n<\/div><\/figure>\n","protected":false},"excerpt":{"rendered":"<p>Republica Dominicana, Fallec3n Mirian Javier y Shakira Echavarr\u00eda en Jet Set; comunidad de Caballero muestra solidaridad tras el tr\u00e1gico suceso. Nos unimos al dolor de las familias del distrito municipal de Caballero por el fallecimiento de Mirian Javier y Shakira Echavarr\u00eda, madre e hija. Ambas perdieron la vida tras un tr\u00e1gico hecho ocurrido en Jet [&hellip;]<\/p>\n","protected":false},"author":1,"featured_media":8351,"comment_status":"open","ping_status":"open","sticky":false,"template":"","format":"standard","meta":{"footnotes":""},"categories":[1],"tags":[],"class_list":["post-8350","post","type-post","status-publish","format-standard","has-post-thumbnail","hentry","category-uncategorized"],"_links":{"self":[{"href":"https:\/\/rr.unv-informacion.xyz\/index.php?rest_route=\/wp\/v2\/posts\/8350","targetHints":{"allow":["GET"]}}],"collection":[{"href":"https:\/\/rr.unv-informacion.xyz\/index.php?rest_route=\/wp\/v2\/posts"}],"about":[{"href":"https:\/\/rr.unv-informacion.xyz\/index.php?rest_route=\/wp\/v2\/types\/post"}],"author":[{"embeddable":true,"href":"https:\/\/rr.unv-informacion.xyz\/index.php?rest_route=\/wp\/v2\/users\/1"}],"replies":[{"embeddable":true,"href":"https:\/\/rr.unv-informacion.xyz\/index.php?rest_route=%2Fwp%2Fv2%2Fcomments&post=8350"}],"version-history":[{"count":1,"href":"https:\/\/rr.unv-informacion.xyz\/index.php?rest_route=\/wp\/v2\/posts\/8350\/revisions"}],"predecessor-version":[{"id":8354,"href":"https:\/\/rr.unv-informacion.xyz\/index.php?rest_route=\/wp\/v2\/posts\/8350\/revisions\/8354"}],"wp:featuredmedia":[{"embeddable":true,"href":"https:\/\/rr.unv-informacion.xyz\/index.php?rest_route=\/wp\/v2\/media\/8351"}],"wp:attachment":[{"href":"https:\/\/rr.unv-informacion.xyz\/index.php?rest_route=%2Fwp%2Fv2%2Fmedia&parent=8350"}],"wp:term":[{"taxonomy":"category","embeddable":true,"href":"https:\/\/rr.unv-informacion.xyz\/index.php?rest_route=%2Fwp%2Fv2%2Fcategories&post=8350"},{"taxonomy":"post_tag","embeddable":true,"href":"https:\/\/rr.unv-informacion.xyz\/index.php?rest_route=%2Fwp%2Fv2%2Ftags&post=8350"}],"curies":[{"name":"wp","href":"https:\/\/api.w.org\/{rel}","templated":true}]}}