{"id":8361,"date":"2025-04-10T19:14:34","date_gmt":"2025-04-10T19:14:34","guid":{"rendered":"https:\/\/rr.unv-informacion.xyz\/?p=8361"},"modified":"2025-04-10T19:14:34","modified_gmt":"2025-04-10T19:14:34","slug":"hija-de-rubby-perez-le-canta-emotiva-cancion-en-su-funeral","status":"publish","type":"post","link":"https:\/\/rr.unv-informacion.xyz\/?p=8361","title":{"rendered":"Hija de Rubby P\u00e9rez le canta emotiva canci\u00f3n en su funeral"},"content":{"rendered":"\n<p class=\"wp-block-paragraph\">Republica Dominicana, Santo Domingo, El presidente de la Rep\u00fablica, Luis Abinader, y su esposa, la primera dama Raquel Arbaje, encabezan la guardia de honor en el funeral del merenguero Rubby P\u00e9rez.<\/p>\n\n\n\n<p class=\"wp-block-paragraph\">El mandatario lleg\u00f3 al Teatro Nacional Eduardo Brito cerca de las 10 de la ma\u00f1ana para rendir tributo a \u201cla voz m\u00e1s alta del merengue\u201d.<\/p>\n\n\n\n<p class=\"wp-block-paragraph\">El presidente y la primera dama se mantuvieron de pie junto al f\u00e9retro, visiblemente compungidos, mientras Zulinka P\u00e9rez, hija mayor de Rubby P\u00e9rez, interpretaba con su emotiva voz canciones de su padre, conmoviendo a los presentes.<\/p>\n\n\n\n<p class=\"wp-block-paragraph\">Diversas personalidades han asistido a este solemne acto, incluyendo al Ministro de Cultura, Milagros Germ\u00e1n, el reconocido artista Juan Luis Guerra, la diputada Betty Ger\u00f3nimo, el ministro Tony Pe\u00f1a Guaba.<\/p>\n\n\n\n<p class=\"wp-block-paragraph\">As\u00ed como numerosos amigos, colegas y allegados a la familia del querido merenguero. La presencia de estas figuras resalta la profunda huella que Rubby P\u00e9rez dej\u00f3 en el \u00e1mbito art\u00edstico y cultural del pa\u00eds.<\/p>\n\n\n\n<p class=\"wp-block-paragraph\">Se espera que a lo largo del d\u00eda m\u00e1s personalidades y fan\u00e1ticos se acerquen al Teatro Nacional para dar su \u00faltimo adi\u00f3s al \u00edcono del merengue.<\/p>\n\n\n\n<p class=\"wp-block-paragraph\">Historia, Rubby P\u00e9rez fue un destacado merenguero dominicano, conocido por su contribuci\u00f3n al g\u00e9nero de la m\u00fasica tropical. Naci\u00f3 el 15 de diciembre de 1967 y se destac\u00f3 en la escena musical a partir de los a\u00f1os 80. Su estilo y carisma lo hicieron muy popular, y es recordado por \u00e9xitos que marcaron la \u00e9poca del merengue.<\/p>\n\n\n\n<p class=\"wp-block-paragraph\">Lamentablemente, el 10 de abril de 2025, se report\u00f3 su fallecimient0, lo que gener\u00f3 una gran conmoci\u00f3n en el mundo de la m\u00fasica y entre sus seguidores. Su legado musical sigue vivo a trav\u00e9s de sus canciones y su influencia en la m\u00fasica dominicana.<\/p>\n\n\n\n<figure class=\"wp-block-embed is-type-video is-provider-youtube wp-block-embed-youtube wp-embed-aspect-16-9 wp-has-aspect-ratio\"><div class=\"wp-block-embed__wrapper\">\n<iframe loading=\"lazy\" title=\"Hija de Rubby P\u00e9rez le canta emotiva canci\u00f3n en su funeral.\" width=\"640\" height=\"360\" src=\"https:\/\/www.youtube.com\/embed\/bgO-4YnQw9E?feature=oembed\" frameborder=\"0\" allow=\"accelerometer; autoplay; clipboard-write; encrypted-media; gyroscope; picture-in-picture; web-share\" referrerpolicy=\"strict-origin-when-cross-origin\" allowfullscreen><\/iframe>\n<\/div><\/figure>\n\n\n\n<figure class=\"wp-block-embed is-type-video is-provider-youtube wp-block-embed-youtube wp-embed-aspect-4-3 wp-has-aspect-ratio\"><div class=\"wp-block-embed__wrapper\">\n<iframe loading=\"lazy\" title=\"homenaje a RUBBY PEREZ En el Teatro nacional Antes de su entierro\" width=\"640\" height=\"480\" src=\"https:\/\/www.youtube.com\/embed\/Q4qdTkwQk9c?feature=oembed\" frameborder=\"0\" allow=\"accelerometer; autoplay; clipboard-write; encrypted-media; gyroscope; picture-in-picture; web-share\" referrerpolicy=\"strict-origin-when-cross-origin\" allowfullscreen><\/iframe>\n<\/div><\/figure>\n","protected":false},"excerpt":{"rendered":"<p>Republica Dominicana, Santo Domingo, El presidente de la Rep\u00fablica, Luis Abinader, y su esposa, la primera dama Raquel Arbaje, encabezan la guardia de honor en el funeral del merenguero Rubby P\u00e9rez. El mandatario lleg\u00f3 al Teatro Nacional Eduardo Brito cerca de las 10 de la ma\u00f1ana para rendir tributo a \u201cla voz m\u00e1s alta del [&hellip;]<\/p>\n","protected":false},"author":1,"featured_media":8362,"comment_status":"open","ping_status":"open","sticky":false,"template":"","format":"standard","meta":{"footnotes":""},"categories":[1],"tags":[],"class_list":["post-8361","post","type-post","status-publish","format-standard","has-post-thumbnail","hentry","category-uncategorized"],"_links":{"self":[{"href":"https:\/\/rr.unv-informacion.xyz\/index.php?rest_route=\/wp\/v2\/posts\/8361","targetHints":{"allow":["GET"]}}],"collection":[{"href":"https:\/\/rr.unv-informacion.xyz\/index.php?rest_route=\/wp\/v2\/posts"}],"about":[{"href":"https:\/\/rr.unv-informacion.xyz\/index.php?rest_route=\/wp\/v2\/types\/post"}],"author":[{"embeddable":true,"href":"https:\/\/rr.unv-informacion.xyz\/index.php?rest_route=\/wp\/v2\/users\/1"}],"replies":[{"embeddable":true,"href":"https:\/\/rr.unv-informacion.xyz\/index.php?rest_route=%2Fwp%2Fv2%2Fcomments&post=8361"}],"version-history":[{"count":1,"href":"https:\/\/rr.unv-informacion.xyz\/index.php?rest_route=\/wp\/v2\/posts\/8361\/revisions"}],"predecessor-version":[{"id":8363,"href":"https:\/\/rr.unv-informacion.xyz\/index.php?rest_route=\/wp\/v2\/posts\/8361\/revisions\/8363"}],"wp:featuredmedia":[{"embeddable":true,"href":"https:\/\/rr.unv-informacion.xyz\/index.php?rest_route=\/wp\/v2\/media\/8362"}],"wp:attachment":[{"href":"https:\/\/rr.unv-informacion.xyz\/index.php?rest_route=%2Fwp%2Fv2%2Fmedia&parent=8361"}],"wp:term":[{"taxonomy":"category","embeddable":true,"href":"https:\/\/rr.unv-informacion.xyz\/index.php?rest_route=%2Fwp%2Fv2%2Fcategories&post=8361"},{"taxonomy":"post_tag","embeddable":true,"href":"https:\/\/rr.unv-informacion.xyz\/index.php?rest_route=%2Fwp%2Fv2%2Ftags&post=8361"}],"curies":[{"name":"wp","href":"https:\/\/api.w.org\/{rel}","templated":true}]}}