{"id":8370,"date":"2025-04-10T19:30:49","date_gmt":"2025-04-10T19:30:49","guid":{"rendered":"https:\/\/rr.unv-informacion.xyz\/?p=8370"},"modified":"2025-04-10T19:30:49","modified_gmt":"2025-04-10T19:30:49","slug":"brian-saldana-prepara-demanda-por-colapso-del-jet-set-tras-la-perdida-de-su-esposa","status":"publish","type":"post","link":"https:\/\/rr.unv-informacion.xyz\/?p=8370","title":{"rendered":"Brian Salda\u00f1a prepara demanda por colapso del Jet Set tras la perdida de su esposa"},"content":{"rendered":"\n<p class=\"wp-block-paragraph\">\u201cLa p\u00e9rdida de un ser amado no se recupera con nada en el mundo\u201d, as\u00ed lo expres\u00f3 con la voz quebrada el productor de televisi\u00f3n Brian Salda\u00f1a, tras enfrentar uno de los momentos m\u00e1s devastadores de su vida: la p\u00e9rdida de su esposa Ruth Elisa Jerez de Salda\u00f1a, una de las v\u00edctimas del colapso del techo en la discoteca Jet Set.<\/p>\n\n\n\n<p class=\"wp-block-paragraph\">El tr\u00e1gico evento ocurri\u00f3 en la madrugada del martes, durante una fiesta musical animada por el reconocido merenguero Rubby P\u00e9rez, en un ambiente que promet\u00eda ser festivo pero que termin\u00f3 en desastre.<\/p>\n\n\n\n<p class=\"wp-block-paragraph\">El techo del local, ubicado en Santo Domingo, cedi\u00f3 repentinamente, dejando atrapadas a decenas de personas mientras la m\u00fasica a\u00fan resonaba entre los escombros.<\/p>\n\n\n\n<p class=\"wp-block-paragraph\">La discoteca estaba completamente abarrotada cuando ocurri\u00f3 el colapso, lo que ha dificultado las labores de identificaci\u00f3n de v\u00edctimas y el rescate de posibles sobrevivientes.<\/p>\n\n\n\n<p class=\"wp-block-paragraph\">Desde ese instante, la vida de Brian Salda\u00f1a cambi\u00f3 por completo. El productor, conocido por su labor en Color Visi\u00f3n, ha canalizado su dolor hacia una acci\u00f3n legal que busca responsabilizar a los propietarios y encargados de la discoteca, asegurando que no se trat\u00f3 de un simple accidente, sino de una falla grave que deb\u00eda haberse evitado.<\/p>\n\n\n\n<p class=\"wp-block-paragraph\">Por ello, anunci\u00f3 que junto a otros afectados prepara una demanda colectiva que sentar\u00e1 precedentes en materia de responsabilidad estructural y seguridad en lugares de entretenimiento.<\/p>\n\n\n\n<p class=\"wp-block-paragraph\">El caso ha despertado la atenci\u00f3n nacional, no solo por la magnitud de la tragedia, sino tambi\u00e9n por las condiciones en que operaba el establecimiento.<\/p>\n\n\n\n<p class=\"wp-block-paragraph\">A\u00fan no se ha revelado si el Jet Set contaba con inspecciones recientes o mantenimientos estructurales actualizados, lo que genera incertidumbre entre los familiares de las v\u00edctimas y en el p\u00fablico en general.<\/p>\n\n\n\n<p class=\"wp-block-paragraph\">A partir de este suceso, las autoridades est\u00e1n llamadas a revisar con urgencia las condiciones estructurales de los centros nocturnos del pa\u00eds, y los organismos competentes ya han iniciado una auditor\u00eda t\u00e9cnica sobre los permisos de operaci\u00f3n de la discoteca.<\/p>\n\n\n\n<p class=\"wp-block-paragraph\">Mientras tanto, los familiares de los afectados exigen respuestas concretas y medidas que eviten futuras tragedias de este tipo.<\/p>\n\n\n\n<p class=\"wp-block-paragraph\">Desde hoy, las acciones legales encabezadas por Salda\u00f1a y otros sobrevivientes marcar\u00e1n el inicio de un proceso judicial que podr\u00eda cambiar la manera en que se regula la seguridad en espacios de entretenimiento masivo en Rep\u00fablica Dominicana.<\/p>\n\n\n\n<figure class=\"wp-block-image size-full\"><img loading=\"lazy\" decoding=\"async\" width=\"819\" height=\"686\" src=\"https:\/\/rr.unv-informacion.xyz\/wp-content\/uploads\/2025\/04\/Ruth-Elisa-Jerez-de-Saldana-1.jpg\" alt=\"\" class=\"wp-image-8371\" srcset=\"https:\/\/rr.unv-informacion.xyz\/wp-content\/uploads\/2025\/04\/Ruth-Elisa-Jerez-de-Saldana-1.jpg 819w, https:\/\/rr.unv-informacion.xyz\/wp-content\/uploads\/2025\/04\/Ruth-Elisa-Jerez-de-Saldana-1-300x251.jpg 300w, https:\/\/rr.unv-informacion.xyz\/wp-content\/uploads\/2025\/04\/Ruth-Elisa-Jerez-de-Saldana-1-768x643.jpg 768w, https:\/\/rr.unv-informacion.xyz\/wp-content\/uploads\/2025\/04\/Ruth-Elisa-Jerez-de-Saldana-1-501x420.jpg 501w, https:\/\/rr.unv-informacion.xyz\/wp-content\/uploads\/2025\/04\/Ruth-Elisa-Jerez-de-Saldana-1-640x536.jpg 640w, https:\/\/rr.unv-informacion.xyz\/wp-content\/uploads\/2025\/04\/Ruth-Elisa-Jerez-de-Saldana-1-681x570.jpg 681w\" sizes=\"auto, (max-width: 819px) 100vw, 819px\" \/><\/figure>\n","protected":false},"excerpt":{"rendered":"<p>\u201cLa p\u00e9rdida de un ser amado no se recupera con nada en el mundo\u201d, as\u00ed lo expres\u00f3 con la voz quebrada el productor de televisi\u00f3n Brian Salda\u00f1a, tras enfrentar uno de los momentos m\u00e1s devastadores de su vida: la p\u00e9rdida de su esposa Ruth Elisa Jerez de Salda\u00f1a, una de las v\u00edctimas del colapso del [&hellip;]<\/p>\n","protected":false},"author":1,"featured_media":8371,"comment_status":"open","ping_status":"open","sticky":false,"template":"","format":"standard","meta":{"footnotes":""},"categories":[1],"tags":[],"class_list":["post-8370","post","type-post","status-publish","format-standard","has-post-thumbnail","hentry","category-uncategorized"],"_links":{"self":[{"href":"https:\/\/rr.unv-informacion.xyz\/index.php?rest_route=\/wp\/v2\/posts\/8370","targetHints":{"allow":["GET"]}}],"collection":[{"href":"https:\/\/rr.unv-informacion.xyz\/index.php?rest_route=\/wp\/v2\/posts"}],"about":[{"href":"https:\/\/rr.unv-informacion.xyz\/index.php?rest_route=\/wp\/v2\/types\/post"}],"author":[{"embeddable":true,"href":"https:\/\/rr.unv-informacion.xyz\/index.php?rest_route=\/wp\/v2\/users\/1"}],"replies":[{"embeddable":true,"href":"https:\/\/rr.unv-informacion.xyz\/index.php?rest_route=%2Fwp%2Fv2%2Fcomments&post=8370"}],"version-history":[{"count":1,"href":"https:\/\/rr.unv-informacion.xyz\/index.php?rest_route=\/wp\/v2\/posts\/8370\/revisions"}],"predecessor-version":[{"id":8372,"href":"https:\/\/rr.unv-informacion.xyz\/index.php?rest_route=\/wp\/v2\/posts\/8370\/revisions\/8372"}],"wp:featuredmedia":[{"embeddable":true,"href":"https:\/\/rr.unv-informacion.xyz\/index.php?rest_route=\/wp\/v2\/media\/8371"}],"wp:attachment":[{"href":"https:\/\/rr.unv-informacion.xyz\/index.php?rest_route=%2Fwp%2Fv2%2Fmedia&parent=8370"}],"wp:term":[{"taxonomy":"category","embeddable":true,"href":"https:\/\/rr.unv-informacion.xyz\/index.php?rest_route=%2Fwp%2Fv2%2Fcategories&post=8370"},{"taxonomy":"post_tag","embeddable":true,"href":"https:\/\/rr.unv-informacion.xyz\/index.php?rest_route=%2Fwp%2Fv2%2Ftags&post=8370"}],"curies":[{"name":"wp","href":"https:\/\/api.w.org\/{rel}","templated":true}]}}