{"id":8374,"date":"2025-04-11T19:11:15","date_gmt":"2025-04-11T19:11:15","guid":{"rendered":"https:\/\/rr.unv-informacion.xyz\/?p=8374"},"modified":"2025-04-11T19:11:15","modified_gmt":"2025-04-11T19:11:15","slug":"palabras-de-la-hija-menor-de-rubby-perez-mi-papa-significa-todo-para-mi","status":"publish","type":"post","link":"https:\/\/rr.unv-informacion.xyz\/?p=8374","title":{"rendered":"Palabras de la hija menor de Rubby P\u00e9rez: \u201cMi pap\u00e1 significa todo para m\u00ed\u201d"},"content":{"rendered":"\n<p class=\"wp-block-paragraph\">Con profunda tristeza y palabras cargadas de amor, Ana Beatriz P\u00e9rez, hija menor del legendario merenguero Rubby P\u00e9rez, expres\u00f3 este jueves el enorme significado que su padre tiene en su vida. Durante las honras f\u00fanebres celebradas en el Teatro Nacional, la joven record\u00f3 con emoci\u00f3n a quien llam\u00f3 \u201cuna persona noble y amable\u201d.<\/p>\n\n\n\n<p class=\"wp-block-paragraph\">\u201cMi pap\u00e1 significa todo para m\u00ed\u201d, dijo Ana Beatriz entre l\u00e1grimas, dejando claro que aunque f\u00edsicamente ya no est\u00e1, su presencia sigue viva en su coraz\u00f3n. \u201cA\u00fan hablo de \u00e9l en presente, porque para m\u00ed todav\u00eda est\u00e1 aqu\u00ed\u201d, confes\u00f3.<\/p>\n\n\n\n<p class=\"wp-block-paragraph\">\u201cPapi ayudaba a todos, incluso a mis compa\u00f1eros de trabajo\u201d<br>La hija menor del artista destac\u00f3 el car\u00e1cter generoso de su padre. \u201c\u00c9l ayudab4 a la gente, incluso a mis compa\u00f1eros de la escuela\u201d, record\u00f3 con una mezcla de orgullo y dol0r. Ana Beatriz tambi\u00e9n dijo que encuentra paz y tranquilidad al saber que su padre est\u00e1 en un buen lugar.<\/p>\n\n\n\n<p class=\"wp-block-paragraph\">Historia, Rubby P\u00e9rez Fue un destacado merenguero dominicano, conocido por su voz poderosa y su carisma en el escenario. Naci\u00f3 el 15 de diciembre de 1967 en la provincia de San Pedro de Macor\u00eds, Rep\u00fablica Dominicana. Desde joven mostr\u00f3 inter\u00e9s por la m\u00fasica, influenciado por el ambiente cultural de su pa\u00eds.<\/p>\n\n\n\n<p class=\"wp-block-paragraph\">Su carrera musical despeg\u00f3 en la d\u00e9cada de 1980, cuando se uni\u00f3 a la orquesta de Wilfrido Vargas, uno de los m\u00e1s grandes exponentes del merengue. Con Vargas, Rubby P\u00e9rez gan\u00f3 popularidad y reconocimiento, participando en varios \u00e9xitos que catapultaron su carrera.<\/p>\n\n\n\n<p class=\"wp-block-paragraph\">En 1986, P\u00e9rez decidi\u00f3 lanzarse como solista y r\u00e1pidamente se convirti\u00f3 en uno de los merengueros m\u00e1s queridos de la Rep\u00fablica Dominicana y otros pa\u00edses de Am\u00e9rica Latina. Su estilo fresco y su habilidad para interpretar baladas y merengues lo hicieron destacar en la escena musical. Entre sus canciones m\u00e1s populares se encuentran \u00abLa Cita\u00bb, \u00abAmor Eterno\u00bb y \u00abComo un Ladr\u00f3n\u00bb.<\/p>\n\n\n\n<p class=\"wp-block-paragraph\">A lo largo de su carrera, Rubby P\u00e9rez ha recibido numerosos premios y reconocimientos, consolid\u00e1ndose como una figura emblem\u00e1tica del merengue. Su legado musical sigue vivo, y contin\u00faa siendo una influencia para nuevas generaciones de artistas en el g\u00e9nero.<\/p>\n\n\n\n<p class=\"wp-block-paragraph\">Adem\u00e1s de su carrera musical, Rubby P\u00e9rez ha participado en varios eventos y festivales, donde ha compartido escenario con otros grandes de la m\u00fasica latina. Su pasi\u00f3n por el merengue y su dedicaci\u00f3n a su arte lo han convertido en un \u00edcono de la m\u00fasica dominicana y un embajador de su cultura en el mundo.<\/p>\n\n\n\n<figure class=\"wp-block-embed is-type-video is-provider-youtube wp-block-embed-youtube wp-embed-aspect-16-9 wp-has-aspect-ratio\"><div class=\"wp-block-embed__wrapper\">\n<iframe loading=\"lazy\" title=\"Hija mas peque\u00f1a de rubby perez rompe el silencio y habla de su PAPA\" width=\"640\" height=\"360\" src=\"https:\/\/www.youtube.com\/embed\/fiIJBYDrqQk?feature=oembed\" frameborder=\"0\" allow=\"accelerometer; autoplay; clipboard-write; encrypted-media; gyroscope; picture-in-picture; web-share\" referrerpolicy=\"strict-origin-when-cross-origin\" allowfullscreen><\/iframe>\n<\/div><\/figure>\n\n\n\n<figure class=\"wp-block-embed is-type-video is-provider-youtube wp-block-embed-youtube wp-embed-aspect-16-9 wp-has-aspect-ratio\"><div class=\"wp-block-embed__wrapper\">\n<iframe loading=\"lazy\" title=\"Hija de Rubby P\u00e9rez le canta emotiva canci\u00f3n en su funeral.\" width=\"640\" height=\"360\" src=\"https:\/\/www.youtube.com\/embed\/bgO-4YnQw9E?feature=oembed\" frameborder=\"0\" allow=\"accelerometer; autoplay; clipboard-write; encrypted-media; gyroscope; picture-in-picture; web-share\" referrerpolicy=\"strict-origin-when-cross-origin\" allowfullscreen><\/iframe>\n<\/div><\/figure>\n","protected":false},"excerpt":{"rendered":"<p>Con profunda tristeza y palabras cargadas de amor, Ana Beatriz P\u00e9rez, hija menor del legendario merenguero Rubby P\u00e9rez, expres\u00f3 este jueves el enorme significado que su padre tiene en su vida. Durante las honras f\u00fanebres celebradas en el Teatro Nacional, la joven record\u00f3 con emoci\u00f3n a quien llam\u00f3 \u201cuna persona noble y amable\u201d. \u201cMi pap\u00e1 [&hellip;]<\/p>\n","protected":false},"author":1,"featured_media":8375,"comment_status":"open","ping_status":"open","sticky":false,"template":"","format":"standard","meta":{"footnotes":""},"categories":[1],"tags":[],"class_list":["post-8374","post","type-post","status-publish","format-standard","has-post-thumbnail","hentry","category-uncategorized"],"_links":{"self":[{"href":"https:\/\/rr.unv-informacion.xyz\/index.php?rest_route=\/wp\/v2\/posts\/8374","targetHints":{"allow":["GET"]}}],"collection":[{"href":"https:\/\/rr.unv-informacion.xyz\/index.php?rest_route=\/wp\/v2\/posts"}],"about":[{"href":"https:\/\/rr.unv-informacion.xyz\/index.php?rest_route=\/wp\/v2\/types\/post"}],"author":[{"embeddable":true,"href":"https:\/\/rr.unv-informacion.xyz\/index.php?rest_route=\/wp\/v2\/users\/1"}],"replies":[{"embeddable":true,"href":"https:\/\/rr.unv-informacion.xyz\/index.php?rest_route=%2Fwp%2Fv2%2Fcomments&post=8374"}],"version-history":[{"count":1,"href":"https:\/\/rr.unv-informacion.xyz\/index.php?rest_route=\/wp\/v2\/posts\/8374\/revisions"}],"predecessor-version":[{"id":8376,"href":"https:\/\/rr.unv-informacion.xyz\/index.php?rest_route=\/wp\/v2\/posts\/8374\/revisions\/8376"}],"wp:featuredmedia":[{"embeddable":true,"href":"https:\/\/rr.unv-informacion.xyz\/index.php?rest_route=\/wp\/v2\/media\/8375"}],"wp:attachment":[{"href":"https:\/\/rr.unv-informacion.xyz\/index.php?rest_route=%2Fwp%2Fv2%2Fmedia&parent=8374"}],"wp:term":[{"taxonomy":"category","embeddable":true,"href":"https:\/\/rr.unv-informacion.xyz\/index.php?rest_route=%2Fwp%2Fv2%2Fcategories&post=8374"},{"taxonomy":"post_tag","embeddable":true,"href":"https:\/\/rr.unv-informacion.xyz\/index.php?rest_route=%2Fwp%2Fv2%2Ftags&post=8374"}],"curies":[{"name":"wp","href":"https:\/\/api.w.org\/{rel}","templated":true}]}}