{"id":8383,"date":"2025-04-11T19:21:20","date_gmt":"2025-04-11T19:21:20","guid":{"rendered":"https:\/\/rr.unv-informacion.xyz\/?p=8383"},"modified":"2025-04-11T19:21:20","modified_gmt":"2025-04-11T19:21:20","slug":"diputados-proponen-museo-en-honor-a-los-caidos-en-el-jet-set","status":"publish","type":"post","link":"https:\/\/rr.unv-informacion.xyz\/?p=8383","title":{"rendered":"Diputados proponen museo en honor a los caidos en el Jet Set"},"content":{"rendered":"\n<p class=\"wp-block-paragraph\">El hist\u00f3rico escenario del Jet Set podr\u00eda transformarse en un espacio de memoria y dignidad, si prospera la solicitud formal elevada por el presidente de la C\u00e1mara de Diputados, Alfredo Pacheco, quien inst\u00f3 al mandatario Luis Abinader a instruir al ministro de Cultura, Roberto \u00c1ngel Salcedo, para asignar fondos del presupuesto nacional a la creaci\u00f3n de un museo conmemorativo en el lugar donde ocurri\u00f3 la tragedia del pasado martes 8 de abril.<\/p>\n\n\n\n<p class=\"wp-block-paragraph\">En una carta cargada de simbolismo y compromiso c\u00edvico, Pacheco plante\u00f3 que el emblem\u00e1tico centro nocturno, donde perdieron la vida 221 personas, debe convertirse en un espacio que preserve la memoria colectiva de las v\u00edctimas, artistas, empleados y asistentes que se encontraban presentes durante el derrumbe del techo del local.<\/p>\n\n\n\n<p class=\"wp-block-paragraph\">El Jet Set, que durante d\u00e9cadas fue sin\u00f3nimo de m\u00fasica, alegr\u00eda y encuentro social, qued\u00f3 reducido a ruinas en un evento que estremeci\u00f3 al pa\u00eds entero.<\/p>\n\n\n\n<p class=\"wp-block-paragraph\">Desde ese d\u00eda, la naci\u00f3n ha vivido un luto prolongado, con decretos presidenciales que extienden la conmemoraci\u00f3n oficial y m\u00faltiples homenajes organizados en distintos espacios culturales.<\/p>\n\n\n\n<p class=\"wp-block-paragraph\">La propuesta de levantar un museo en el mismo lugar donde funcion\u00f3 el Jet Set no solo busca honrar a quienes all\u00ed perdieron la vida, sino tambi\u00e9n preservar el legado art\u00edstico y cultural que durante a\u00f1os floreci\u00f3 en ese escenario.<\/p>\n\n\n\n<p class=\"wp-block-paragraph\">Seg\u00fan expres\u00f3 el legislador, este gesto permitir\u00eda transformar el dolor en memoria activa, y convertir una tragedia en una lecci\u00f3n viva de la importancia de preservar espacios seguros para el arte y el entretenimiento.<\/p>\n\n\n\n<p class=\"wp-block-paragraph\">El presidente Pacheco recalc\u00f3 que esta ser\u00eda una manera responsable y respetuosa de rendir tributo a figuras como el merenguero Rubby P\u00e9rez, la gobernadora de Monte Cristi Nelsy Cruz, el ex pelotero Octavio Dotel, y muchos otros ciudadanos que murieron inesperadamente aquella noche.<\/p>\n\n\n\n<p class=\"wp-block-paragraph\">A partir de esta propuesta, el Ministerio de Cultura estar\u00eda llamado a evaluar el dise\u00f1o de un proyecto muse\u00edstico que combine arte, memoria hist\u00f3rica y seguridad estructural, convirtiendo el terreno devastado en un espacio de reflexi\u00f3n nacional.<\/p>\n","protected":false},"excerpt":{"rendered":"<p>El hist\u00f3rico escenario del Jet Set podr\u00eda transformarse en un espacio de memoria y dignidad, si prospera la solicitud formal elevada por el presidente de la C\u00e1mara de Diputados, Alfredo Pacheco, quien inst\u00f3 al mandatario Luis Abinader a instruir al ministro de Cultura, Roberto \u00c1ngel Salcedo, para asignar fondos del presupuesto nacional a la creaci\u00f3n [&hellip;]<\/p>\n","protected":false},"author":1,"featured_media":8384,"comment_status":"open","ping_status":"open","sticky":false,"template":"","format":"standard","meta":{"footnotes":""},"categories":[1],"tags":[],"class_list":["post-8383","post","type-post","status-publish","format-standard","has-post-thumbnail","hentry","category-uncategorized"],"_links":{"self":[{"href":"https:\/\/rr.unv-informacion.xyz\/index.php?rest_route=\/wp\/v2\/posts\/8383","targetHints":{"allow":["GET"]}}],"collection":[{"href":"https:\/\/rr.unv-informacion.xyz\/index.php?rest_route=\/wp\/v2\/posts"}],"about":[{"href":"https:\/\/rr.unv-informacion.xyz\/index.php?rest_route=\/wp\/v2\/types\/post"}],"author":[{"embeddable":true,"href":"https:\/\/rr.unv-informacion.xyz\/index.php?rest_route=\/wp\/v2\/users\/1"}],"replies":[{"embeddable":true,"href":"https:\/\/rr.unv-informacion.xyz\/index.php?rest_route=%2Fwp%2Fv2%2Fcomments&post=8383"}],"version-history":[{"count":1,"href":"https:\/\/rr.unv-informacion.xyz\/index.php?rest_route=\/wp\/v2\/posts\/8383\/revisions"}],"predecessor-version":[{"id":8385,"href":"https:\/\/rr.unv-informacion.xyz\/index.php?rest_route=\/wp\/v2\/posts\/8383\/revisions\/8385"}],"wp:featuredmedia":[{"embeddable":true,"href":"https:\/\/rr.unv-informacion.xyz\/index.php?rest_route=\/wp\/v2\/media\/8384"}],"wp:attachment":[{"href":"https:\/\/rr.unv-informacion.xyz\/index.php?rest_route=%2Fwp%2Fv2%2Fmedia&parent=8383"}],"wp:term":[{"taxonomy":"category","embeddable":true,"href":"https:\/\/rr.unv-informacion.xyz\/index.php?rest_route=%2Fwp%2Fv2%2Fcategories&post=8383"},{"taxonomy":"post_tag","embeddable":true,"href":"https:\/\/rr.unv-informacion.xyz\/index.php?rest_route=%2Fwp%2Fv2%2Ftags&post=8383"}],"curies":[{"name":"wp","href":"https:\/\/api.w.org\/{rel}","templated":true}]}}