{"id":8389,"date":"2025-04-11T19:38:04","date_gmt":"2025-04-11T19:38:04","guid":{"rendered":"https:\/\/rr.unv-informacion.xyz\/?p=8389"},"modified":"2025-04-11T19:38:04","modified_gmt":"2025-04-11T19:38:04","slug":"las-emotivas-palabras-con-las-que-la-esposa-despidio-a-octavio-dotel","status":"publish","type":"post","link":"https:\/\/rr.unv-informacion.xyz\/?p=8389","title":{"rendered":"Las emotivas palabras con las que la esposa despidi\u00f3 a Octavio Dotel"},"content":{"rendered":"\n<p class=\"wp-block-paragraph\">\u201cVivi\u00f3 feliz y am\u00f3 genuinamente.\u201d As\u00ed ser\u00e1 recordado Octavio Dotel, seg\u00fan las palabras cargadas de fe y gratitud de su esposa, quien, ante la mirada compasiva de decenas de asistentes, ofreci\u00f3 un mensaje \u00edntimo durante el acto f\u00fanebre del exjugador dominicano.<\/p>\n\n\n\n<p class=\"wp-block-paragraph\">\u201cNo tengo mucho que decir. Gracias a todos. Gracias porque yo s\u00e9 que as\u00ed como yo lo amo, ustedes tambi\u00e9n lo aman a \u00e9l\u201d, expres\u00f3 con voz serena pero firme, marcando el inicio de un tributo lleno de emotividad.<\/p>\n\n\n\n<p class=\"wp-block-paragraph\">La escena fue una mezcla de l\u00e1grimas, oraciones y recuerdos, donde los presentes hicieron suya la invitaci\u00f3n a atesorar lo vivido junto a Octavio.<\/p>\n\n\n\n<p class=\"wp-block-paragraph\">Con la mirada perdida en el f\u00e9retro, comparti\u00f3 una reflexi\u00f3n poderosa: \u201cYo s\u00e9 que cada uno de ustedes se lleva en su memoria algo especial que vivi\u00f3 con \u00e9l\u2026 Vamos a recordarlo como a \u00e9l le hubiera gustado que lo record\u00e1ramos.\u201d<\/p>\n\n\n\n<p class=\"wp-block-paragraph\">Ese llamado a la memoria emotiva fue el eje de sus palabras, un intento de mitigar el dolor con el eco de los buenos momentos.<\/p>\n\n\n\n<p class=\"wp-block-paragraph\">La l\u00e1pida que guardar\u00e1 sus restos llevar\u00e1 inscrita una frase que resume su esencia: \u201cVivi\u00f3 feliz y am\u00f3 genuinamente.\u201d<\/p>\n\n\n\n<p class=\"wp-block-paragraph\">Con esa l\u00ednea, su viuda quiso inmortalizar la filosof\u00eda de vida que siempre defendi\u00f3 el exbeisbolista. \u201cAs\u00ed vivi\u00f3 \u00e9l, fue feliz y brind\u00f3 mucho amor,\u201d repiti\u00f3 mientras agradec\u00eda a Dios por haberle permitido despedirse espiritualmente en paz: \u201cYo le doy gracias al Se\u00f1or que tuvo misericordia y esper\u00f3 que \u00e9l estuviera listo.\u201d<\/p>\n\n\n\n<p class=\"wp-block-paragraph\">Durante su intervenci\u00f3n, tambi\u00e9n cit\u00f3 palabras de Ariel, uno de los allegados a Octavio, que reflejan el legado que deja a quienes lo conocieron: \u201cVivamos plenamente, demos gracias a Dios por las cosas peque\u00f1as y no olvidemos buscarlo en lo secreto.\u201d Fue una invitaci\u00f3n directa, sin adornos, a valorar lo sencillo y a prepararse espiritualmente para lo inevitable.<\/p>\n\n\n\n<p class=\"wp-block-paragraph\">\u201cYo les invito a buscar de Cristo, a conocer al Se\u00f1or. \u00c9l es quien tiene el control de los tiempos\u2026 aunque no entendamos, yo no entiendo nada, pero s\u00e9 que esta fue la perfecta voluntad de Cristo y yo la acepto\u201d.<\/p>\n\n\n\n<p class=\"wp-block-paragraph\">As\u00ed cerr\u00f3 uno de los momentos m\u00e1s sinceros de la ceremonia, evidenciando la profunda convicci\u00f3n religiosa que la sosten\u00eda frente a la partida repentina de su esposo.<\/p>\n\n\n\n<p class=\"wp-block-paragraph\">Antes de finalizar, agradeci\u00f3 de manera sencilla pero sentida: \u201cGracias de verdad por todo el amor, por todos los mensajes, por toda la fortaleza, gracias por estar aqu\u00ed.\u201d Y, en ese \u00faltimo suspiro de despedida, pidi\u00f3 a todos recordar a Octavio con alegr\u00eda: \u201cVamos a despedirlo llev\u00e1ndonos los recuerdos lindos que nos dej\u00f3. Yo s\u00e9 que eso es lo que \u00e9l quisiera, que todos ustedes cuando lo recuerden, sonr\u00edan as\u00ed como \u00e9l siempre sonre\u00eda.\u201d<\/p>\n\n\n<iframe loading=\"lazy\" src=\"https:\/\/www.facebook.com\/plugins\/video.php?href=https%3A%2F%2Fwww.facebook.com%2FBANLEOTV%2Fvideos%2F1224565609671247%2F%3Fref%3Dembed_video&#038;show_text=0&#038;width=267\" width=\"267\" height=\"476\" style=\"border:none;overflow:hidden\" scrolling=\"no\" frameborder=\"0\" allowfullscreen=\"true\" allow=\"autoplay; clipboard-write; encrypted-media; picture-in-picture; web-share\" allowFullScreen=\"true\"><\/iframe>","protected":false},"excerpt":{"rendered":"<p>\u201cVivi\u00f3 feliz y am\u00f3 genuinamente.\u201d As\u00ed ser\u00e1 recordado Octavio Dotel, seg\u00fan las palabras cargadas de fe y gratitud de su esposa, quien, ante la mirada compasiva de decenas de asistentes, ofreci\u00f3 un mensaje \u00edntimo durante el acto f\u00fanebre del exjugador dominicano. \u201cNo tengo mucho que decir. Gracias a todos. Gracias porque yo s\u00e9 que as\u00ed [&hellip;]<\/p>\n","protected":false},"author":1,"featured_media":8390,"comment_status":"open","ping_status":"open","sticky":false,"template":"","format":"standard","meta":{"footnotes":""},"categories":[1],"tags":[],"class_list":["post-8389","post","type-post","status-publish","format-standard","has-post-thumbnail","hentry","category-uncategorized"],"_links":{"self":[{"href":"https:\/\/rr.unv-informacion.xyz\/index.php?rest_route=\/wp\/v2\/posts\/8389","targetHints":{"allow":["GET"]}}],"collection":[{"href":"https:\/\/rr.unv-informacion.xyz\/index.php?rest_route=\/wp\/v2\/posts"}],"about":[{"href":"https:\/\/rr.unv-informacion.xyz\/index.php?rest_route=\/wp\/v2\/types\/post"}],"author":[{"embeddable":true,"href":"https:\/\/rr.unv-informacion.xyz\/index.php?rest_route=\/wp\/v2\/users\/1"}],"replies":[{"embeddable":true,"href":"https:\/\/rr.unv-informacion.xyz\/index.php?rest_route=%2Fwp%2Fv2%2Fcomments&post=8389"}],"version-history":[{"count":1,"href":"https:\/\/rr.unv-informacion.xyz\/index.php?rest_route=\/wp\/v2\/posts\/8389\/revisions"}],"predecessor-version":[{"id":8391,"href":"https:\/\/rr.unv-informacion.xyz\/index.php?rest_route=\/wp\/v2\/posts\/8389\/revisions\/8391"}],"wp:featuredmedia":[{"embeddable":true,"href":"https:\/\/rr.unv-informacion.xyz\/index.php?rest_route=\/wp\/v2\/media\/8390"}],"wp:attachment":[{"href":"https:\/\/rr.unv-informacion.xyz\/index.php?rest_route=%2Fwp%2Fv2%2Fmedia&parent=8389"}],"wp:term":[{"taxonomy":"category","embeddable":true,"href":"https:\/\/rr.unv-informacion.xyz\/index.php?rest_route=%2Fwp%2Fv2%2Fcategories&post=8389"},{"taxonomy":"post_tag","embeddable":true,"href":"https:\/\/rr.unv-informacion.xyz\/index.php?rest_route=%2Fwp%2Fv2%2Ftags&post=8389"}],"curies":[{"name":"wp","href":"https:\/\/api.w.org\/{rel}","templated":true}]}}