{"id":8392,"date":"2025-04-11T19:55:44","date_gmt":"2025-04-11T19:55:44","guid":{"rendered":"https:\/\/rr.unv-informacion.xyz\/?p=8392"},"modified":"2025-04-11T19:55:44","modified_gmt":"2025-04-11T19:55:44","slug":"elianta-quintero-habla-de-su-angel-de-la-guarda-tras-incidente-del-jet-set","status":"publish","type":"post","link":"https:\/\/rr.unv-informacion.xyz\/?p=8392","title":{"rendered":"Elianta Quintero habla de su \u00ab\u00e1ngel de la guarda\u00bb tras incidente del Jet Set"},"content":{"rendered":"\n<p class=\"wp-block-paragraph\">\u201cYo no estar\u00eda viva si no fuera por \u00e9l\u201d, confes\u00f3 entre l\u00e1grimas Elianta Quintero, reconocida periodista y sobreviviente del colapso en la discoteca Jet Set, al revivir uno de los momentos m\u00e1s estremecedores de su vida.<\/p>\n\n\n\n<p class=\"wp-block-paragraph\">Su testimonio no solo revela el trauma de una tragedia nacional, sino tambi\u00e9n la profunda humanidad que emergi\u00f3 entre los escombros. Su voz temblorosa buscaba, m\u00e1s que consuelo, honrar a quien ahora llama su \u201c\u00e1ngel de la guarda\u201d.<\/p>\n\n\n\n<p class=\"wp-block-paragraph\">Esa figura heroica tiene nombre y rostro: Rafael Rosario, un escolta que sin deber ni compromiso decidi\u00f3 entrar al infierno de concreto desplomado, impulsado, seg\u00fan \u00e9l, \u201cpor algo que lo empuj\u00f3 desde dentro\u201d. No conoc\u00eda a Elianta, pero sab\u00eda que hab\u00eda vidas por rescatar.<\/p>\n\n\n\n<p class=\"wp-block-paragraph\">Sin pensarlo, se lanz\u00f3 al caos, sac\u00f3 a unos doce sobrevivientes y entre ellos, a una mujer atrapada bajo vigas que no la dejaban moverse.<\/p>\n\n\n\n<p class=\"wp-block-paragraph\">\u201cElla gritaba auxilio\u2026 hasta que logramos quitar los obst\u00e1culos y ayudarla\u201d, record\u00f3 con voz entrecortada durante un emotivo reencuentro televisado.<\/p>\n\n\n\n<p class=\"wp-block-paragraph\">Elianta relat\u00f3 que sus pies estaban atrapados, y solo logr\u00f3 salir al quitarse los zapatos. En medio de la confusi\u00f3n, se negaba a abandonar el lugar sin su primo y su mejor amiga.<\/p>\n\n\n\n<p class=\"wp-block-paragraph\">\u201c\u00c9l me calmaba, me sosten\u00eda, fue mi fuerza en el peor momento de mi vida\u201d, expres\u00f3 profundamente conmovida al volver a ver a Rafael, esta vez desde la distancia, pero unidos por un v\u00ednculo inquebrantable.<\/p>\n\n\n\n<p class=\"wp-block-paragraph\">La periodista, a\u00fan en recuperaci\u00f3n, aprovech\u00f3 la ocasi\u00f3n para rendir homenaje no solo a Rafael, sino a todos los civiles, polic\u00edas, m\u00e9dicos y voluntarios que actuaron con entrega total.<\/p>\n\n\n\n<p class=\"wp-block-paragraph\">\u201cHoy estoy aqu\u00ed, en parte gracias a \u00e9l\u2026 y gracias a todos los que dieron m\u00e1s de lo que ten\u00edan por salvarnos\u201d, sostuvo, al tiempo que pidi\u00f3 a la audiencia seguir orando por los afectados.<\/p>\n\n\n\n<p class=\"wp-block-paragraph\">Desde hoy, el nombre de Rafael Rosario se convierte en s\u00edmbolo de coraje, empat\u00eda y solidaridad. A pesar de haber sido contratado para una labor de rutina, su decisi\u00f3n de arriesgar la vida sin dudar transform\u00f3 el destino de muchas familias, record\u00e1ndonos que entre la tragedia a\u00fan existen milagros.<\/p>\n\n\n\n<p class=\"wp-block-paragraph\">El gesto fue reconocido p\u00fablicamente, y con voz suave pero firme, Elianta prometi\u00f3: \u201cEspero poder darte ese abrazo en persona. Gracias por sostenerme, por salvarme\u2026 por ser uno de los h\u00e9roes an\u00f3nimos que Dios puso ese d\u00eda entre los escombros.\u201d<\/p>\n\n\n<iframe loading=\"lazy\" src=\"https:\/\/www.facebook.com\/plugins\/video.php?href=https%3A%2F%2Fwww.facebook.com%2FBANLEOTV%2Fvideos%2F1613439909191605%2F%3Fref%3Dembed_video&#038;show_text=0&#038;width=560\" width=\"560\" height=\"315\" style=\"border:none;overflow:hidden\" scrolling=\"no\" frameborder=\"0\" allowfullscreen=\"true\" allow=\"autoplay; clipboard-write; encrypted-media; picture-in-picture; web-share\" allowFullScreen=\"true\"><\/iframe>","protected":false},"excerpt":{"rendered":"<p>\u201cYo no estar\u00eda viva si no fuera por \u00e9l\u201d, confes\u00f3 entre l\u00e1grimas Elianta Quintero, reconocida periodista y sobreviviente del colapso en la discoteca Jet Set, al revivir uno de los momentos m\u00e1s estremecedores de su vida. Su testimonio no solo revela el trauma de una tragedia nacional, sino tambi\u00e9n la profunda humanidad que emergi\u00f3 entre [&hellip;]<\/p>\n","protected":false},"author":1,"featured_media":8393,"comment_status":"open","ping_status":"open","sticky":false,"template":"","format":"standard","meta":{"footnotes":""},"categories":[1],"tags":[],"class_list":["post-8392","post","type-post","status-publish","format-standard","has-post-thumbnail","hentry","category-uncategorized"],"_links":{"self":[{"href":"https:\/\/rr.unv-informacion.xyz\/index.php?rest_route=\/wp\/v2\/posts\/8392","targetHints":{"allow":["GET"]}}],"collection":[{"href":"https:\/\/rr.unv-informacion.xyz\/index.php?rest_route=\/wp\/v2\/posts"}],"about":[{"href":"https:\/\/rr.unv-informacion.xyz\/index.php?rest_route=\/wp\/v2\/types\/post"}],"author":[{"embeddable":true,"href":"https:\/\/rr.unv-informacion.xyz\/index.php?rest_route=\/wp\/v2\/users\/1"}],"replies":[{"embeddable":true,"href":"https:\/\/rr.unv-informacion.xyz\/index.php?rest_route=%2Fwp%2Fv2%2Fcomments&post=8392"}],"version-history":[{"count":1,"href":"https:\/\/rr.unv-informacion.xyz\/index.php?rest_route=\/wp\/v2\/posts\/8392\/revisions"}],"predecessor-version":[{"id":8394,"href":"https:\/\/rr.unv-informacion.xyz\/index.php?rest_route=\/wp\/v2\/posts\/8392\/revisions\/8394"}],"wp:featuredmedia":[{"embeddable":true,"href":"https:\/\/rr.unv-informacion.xyz\/index.php?rest_route=\/wp\/v2\/media\/8393"}],"wp:attachment":[{"href":"https:\/\/rr.unv-informacion.xyz\/index.php?rest_route=%2Fwp%2Fv2%2Fmedia&parent=8392"}],"wp:term":[{"taxonomy":"category","embeddable":true,"href":"https:\/\/rr.unv-informacion.xyz\/index.php?rest_route=%2Fwp%2Fv2%2Fcategories&post=8392"},{"taxonomy":"post_tag","embeddable":true,"href":"https:\/\/rr.unv-informacion.xyz\/index.php?rest_route=%2Fwp%2Fv2%2Ftags&post=8392"}],"curies":[{"name":"wp","href":"https:\/\/api.w.org\/{rel}","templated":true}]}}