{"id":8423,"date":"2025-04-13T17:30:07","date_gmt":"2025-04-13T17:30:07","guid":{"rendered":"https:\/\/rr.unv-informacion.xyz\/?p=8423"},"modified":"2025-04-13T17:30:07","modified_gmt":"2025-04-13T17:30:07","slug":"madre-de-la-hija-menor-responde-a-la-hija-mayor-de-rubby-perez","status":"publish","type":"post","link":"https:\/\/rr.unv-informacion.xyz\/?p=8423","title":{"rendered":"Madre de la hija menor responde a la hija mayor de Rubby P\u00e9rez"},"content":{"rendered":"\n<p class=\"wp-block-paragraph\">\u201cSolo yo tengo el derecho de contar mi historia\u201d, expres\u00f3 con firmeza y tono reflexivo la dise\u00f1adora Michelle Reynoso, madre de la hija menor del fallecido merenguero Rubby P\u00e9rez, al romper el silencio en sus redes sociales este s\u00e1bado 12 de abril, luego de que Zulinka P\u00e9rez, hija mayor del artista, compartiera aspectos personales y familiares durante una entrevista televisiva que ha generado m\u00faltiples reacciones en la opini\u00f3n p\u00fablica.<\/p>\n\n\n\n<p class=\"wp-block-paragraph\">En un mensaje difundido en su cuenta oficial de Instagram, Reynoso subray\u00f3 la importancia de no reducir las vivencias humanas a una sola narrativa.<\/p>\n\n\n\n<p class=\"wp-block-paragraph\">\u201cNinguna persona tiene el derecho de exponer p\u00fablicamente una historia de la cual no es protagonista\u201d, escribi\u00f3, haciendo \u00e9nfasis en que los relatos \u00edntimos tienen m\u00faltiples capas y que cada versi\u00f3n merece ser escuchada desde el lugar de quien la vivi\u00f3.<\/p>\n\n\n\n<p class=\"wp-block-paragraph\">Las palabras de Michelle se producen luego de que Zulinka abordara con transparencia los momentos de tensi\u00f3n vividos en su familia, al hablar sobre la relaci\u00f3n entre su padre y la dise\u00f1adora, y c\u00f3mo esta impact\u00f3 emocionalmente a su madre, In\u00e9s Lizardo, fallecida en 2022.<\/p>\n\n\n\n<p class=\"wp-block-paragraph\">Aunque Zulinka reconoci\u00f3 que, guiada por el ejemplo de su madre, decidi\u00f3 perdonar a Michelle y expres\u00f3 que \u201ctodo muri\u00f3\u201d durante un abrazo en la funeraria, Reynoso ha respondido ahora con una postura m\u00e1s reservada, se\u00f1alando que tambi\u00e9n tiene derecho a narrar su verdad.<\/p>\n\n\n\n<p class=\"wp-block-paragraph\">\u201cLas historias suelen tejer perspectivas complejas. Creer en ellas desde un \u00fanico punto de vista limita nuestra comprensi\u00f3n y, muchas veces, nos priva de la verdad de los hechos\u201d, agreg\u00f3 la dise\u00f1adora, quien ha sido mencionada en m\u00faltiples medios tras el homenaje p\u00f3stumo al artista y las entrevistas ofrecidas por miembros de su familia.<\/p>\n\n\n\n<p class=\"wp-block-paragraph\">Este nuevo pronunciamiento plantea que detr\u00e1s de los momentos que marcaron la vida del int\u00e9rprete de \u201cVolver\u00e9\u201d existen sentimientos, decisiones y conflictos que solo pueden entenderse desde el interior de quienes los protagonizaron.<\/p>\n\n\n\n<p class=\"wp-block-paragraph\">Reynoso fue parte importante en la \u00faltima etapa de la vida del artista, no solo como madre de su hija Ana Beatriz, sino tambi\u00e9n como figura directa en uno de los cap\u00edtulos m\u00e1s comentados de su biograf\u00eda personal.<\/p>\n\n\n\n<p class=\"wp-block-paragraph\">En ese sentido, Michelle insisti\u00f3 en que no es posible construir una versi\u00f3n justa de lo ocurrido sin permitir que todas las voces involucradas sean escuchadas. \u201cEs fundamental conocer las voces de los involucrados para construir una visi\u00f3n m\u00e1s completa y justa de lo sucedido.<\/p>\n\n\n\n<p class=\"wp-block-paragraph\">Solo as\u00ed podremos aprender verdaderamente de lo ocurrido y ser justos con todas las partes implicadas\u201d, escribi\u00f3, reafirmando su derecho a ser quien cuente su experiencia de vida.<\/p>\n\n\n\n<p class=\"wp-block-paragraph\">La dise\u00f1adora concluy\u00f3 su comunicado recordando que los procesos familiares est\u00e1n marcados por emociones profundas y que nadie ajeno puede comprender del todo las decisiones tomadas por quienes estuvieron all\u00ed.<\/p>\n\n\n\n<p class=\"wp-block-paragraph\">\u201cMi historia personal y familiar la conozco \u00fanicamente yo, y solo yo tengo el derecho de contarla\u201d, afirm\u00f3, dejando abierta la posibilidad de compartir su testimonio m\u00e1s adelante, en un espacio y momento que ella considere justo.<\/p>\n\n\n\n<p class=\"wp-block-paragraph\">A partir de este pronunciamiento, la conversaci\u00f3n sobre el legado emocional de Rubby P\u00e9rez y los v\u00ednculos que marcaron su vida adquiere nuevas dimensiones, donde el respeto a la multiplicidad de voces se vuelve clave para comprender, sin juicios anticipados, lo que realmente ocurri\u00f3 en los espacios m\u00e1s \u00edntimos del artista.<\/p>\n\n\n\n<figure class=\"wp-block-image size-full\"><img loading=\"lazy\" decoding=\"async\" width=\"588\" height=\"1024\" src=\"https:\/\/rr.unv-informacion.xyz\/wp-content\/uploads\/2025\/04\/WhatsApp-Image-2025-04-12-at-10.07.14-PM-588x1024-1.jpg\" alt=\"\" class=\"wp-image-8424\" srcset=\"https:\/\/rr.unv-informacion.xyz\/wp-content\/uploads\/2025\/04\/WhatsApp-Image-2025-04-12-at-10.07.14-PM-588x1024-1.jpg 588w, https:\/\/rr.unv-informacion.xyz\/wp-content\/uploads\/2025\/04\/WhatsApp-Image-2025-04-12-at-10.07.14-PM-588x1024-1-172x300.jpg 172w, https:\/\/rr.unv-informacion.xyz\/wp-content\/uploads\/2025\/04\/WhatsApp-Image-2025-04-12-at-10.07.14-PM-588x1024-1-241x420.jpg 241w\" sizes=\"auto, (max-width: 588px) 100vw, 588px\" \/><\/figure>\n\n\n\n<figure class=\"wp-block-image size-large\"><img loading=\"lazy\" decoding=\"async\" width=\"1024\" height=\"1024\" src=\"https:\/\/rr.unv-informacion.xyz\/wp-content\/uploads\/2025\/04\/wwa2-1024x1024.jpg\" alt=\"\" class=\"wp-image-8425\" srcset=\"https:\/\/rr.unv-informacion.xyz\/wp-content\/uploads\/2025\/04\/wwa2-1024x1024.jpg 1024w, https:\/\/rr.unv-informacion.xyz\/wp-content\/uploads\/2025\/04\/wwa2-300x300.jpg 300w, https:\/\/rr.unv-informacion.xyz\/wp-content\/uploads\/2025\/04\/wwa2-150x150.jpg 150w, https:\/\/rr.unv-informacion.xyz\/wp-content\/uploads\/2025\/04\/wwa2-768x768.jpg 768w, https:\/\/rr.unv-informacion.xyz\/wp-content\/uploads\/2025\/04\/wwa2-420x420.jpg 420w, https:\/\/rr.unv-informacion.xyz\/wp-content\/uploads\/2025\/04\/wwa2.jpg 1080w\" sizes=\"auto, (max-width: 1024px) 100vw, 1024px\" \/><\/figure>\n\n\n\n<figure class=\"wp-block-image size-large\"><img loading=\"lazy\" decoding=\"async\" width=\"683\" height=\"1024\" src=\"https:\/\/rr.unv-informacion.xyz\/wp-content\/uploads\/2025\/04\/485A6851-683x1024.jpg\" alt=\"\" class=\"wp-image-8426\" srcset=\"https:\/\/rr.unv-informacion.xyz\/wp-content\/uploads\/2025\/04\/485A6851-683x1024.jpg 683w, https:\/\/rr.unv-informacion.xyz\/wp-content\/uploads\/2025\/04\/485A6851-200x300.jpg 200w, https:\/\/rr.unv-informacion.xyz\/wp-content\/uploads\/2025\/04\/485A6851-280x420.jpg 280w, https:\/\/rr.unv-informacion.xyz\/wp-content\/uploads\/2025\/04\/485A6851.jpg 720w\" sizes=\"auto, (max-width: 683px) 100vw, 683px\" \/><\/figure>\n\n\n\n<figure class=\"wp-block-embed is-type-video is-provider-youtube wp-block-embed-youtube wp-embed-aspect-16-9 wp-has-aspect-ratio\"><div class=\"wp-block-embed__wrapper\">\n<iframe loading=\"lazy\" title=\"Entrevista exclusiva con la hija de Rubby P\u00e9rez\" width=\"640\" height=\"360\" src=\"https:\/\/www.youtube.com\/embed\/d8SnTvLSH2o?feature=oembed\" frameborder=\"0\" allow=\"accelerometer; autoplay; clipboard-write; encrypted-media; gyroscope; picture-in-picture; web-share\" referrerpolicy=\"strict-origin-when-cross-origin\" allowfullscreen><\/iframe>\n<\/div><\/figure>\n","protected":false},"excerpt":{"rendered":"<p>\u201cSolo yo tengo el derecho de contar mi historia\u201d, expres\u00f3 con firmeza y tono reflexivo la dise\u00f1adora Michelle Reynoso, madre de la hija menor del fallecido merenguero Rubby P\u00e9rez, al romper el silencio en sus redes sociales este s\u00e1bado 12 de abril, luego de que Zulinka P\u00e9rez, hija mayor del artista, compartiera aspectos personales y [&hellip;]<\/p>\n","protected":false},"author":1,"featured_media":8421,"comment_status":"open","ping_status":"open","sticky":false,"template":"","format":"standard","meta":{"footnotes":""},"categories":[1],"tags":[],"class_list":["post-8423","post","type-post","status-publish","format-standard","has-post-thumbnail","hentry","category-uncategorized"],"_links":{"self":[{"href":"https:\/\/rr.unv-informacion.xyz\/index.php?rest_route=\/wp\/v2\/posts\/8423","targetHints":{"allow":["GET"]}}],"collection":[{"href":"https:\/\/rr.unv-informacion.xyz\/index.php?rest_route=\/wp\/v2\/posts"}],"about":[{"href":"https:\/\/rr.unv-informacion.xyz\/index.php?rest_route=\/wp\/v2\/types\/post"}],"author":[{"embeddable":true,"href":"https:\/\/rr.unv-informacion.xyz\/index.php?rest_route=\/wp\/v2\/users\/1"}],"replies":[{"embeddable":true,"href":"https:\/\/rr.unv-informacion.xyz\/index.php?rest_route=%2Fwp%2Fv2%2Fcomments&post=8423"}],"version-history":[{"count":1,"href":"https:\/\/rr.unv-informacion.xyz\/index.php?rest_route=\/wp\/v2\/posts\/8423\/revisions"}],"predecessor-version":[{"id":8427,"href":"https:\/\/rr.unv-informacion.xyz\/index.php?rest_route=\/wp\/v2\/posts\/8423\/revisions\/8427"}],"wp:featuredmedia":[{"embeddable":true,"href":"https:\/\/rr.unv-informacion.xyz\/index.php?rest_route=\/wp\/v2\/media\/8421"}],"wp:attachment":[{"href":"https:\/\/rr.unv-informacion.xyz\/index.php?rest_route=%2Fwp%2Fv2%2Fmedia&parent=8423"}],"wp:term":[{"taxonomy":"category","embeddable":true,"href":"https:\/\/rr.unv-informacion.xyz\/index.php?rest_route=%2Fwp%2Fv2%2Fcategories&post=8423"},{"taxonomy":"post_tag","embeddable":true,"href":"https:\/\/rr.unv-informacion.xyz\/index.php?rest_route=%2Fwp%2Fv2%2Ftags&post=8423"}],"curies":[{"name":"wp","href":"https:\/\/api.w.org\/{rel}","templated":true}]}}