{"id":8432,"date":"2025-04-14T19:23:41","date_gmt":"2025-04-14T19:23:41","guid":{"rendered":"https:\/\/rr.unv-informacion.xyz\/?p=8432"},"modified":"2025-04-14T19:23:42","modified_gmt":"2025-04-14T19:23:42","slug":"lo-que-provoco-el-encontronazo-entre-zulinka-y-michelle-la-madre-de-la-hija-menor-de-rubby-perez","status":"publish","type":"post","link":"https:\/\/rr.unv-informacion.xyz\/?p=8432","title":{"rendered":"Lo que provoc\u00f3 el encontronazo entre Zulinka y Michelle, la madre de la hija menor de Rubby P\u00e9rez"},"content":{"rendered":"\n<p class=\"wp-block-paragraph\">La noche del 8 de abril dej\u00f3 una herida que a\u00fan no cicatriza en la m\u00fasica dominicana.<\/p>\n\n\n\n<p class=\"wp-block-paragraph\">El colapso del techo de la discoteca Jet Set, en plena presentaci\u00f3n, acab\u00f3 con la vida de m\u00e1s de 200 personas, incluyendo al legendario merenguero Rubby P\u00e9rez.<\/p>\n\n\n\n<p class=\"wp-block-paragraph\">Pero adem\u00e1s de la tragedia nacional, este evento destap\u00f3 profundos conflictos familiares, especialmente entre su hija mayor, Zulinka P\u00e9rez, y Michelle Reynoso, madre de la hija menor del artista.<\/p>\n\n\n\n<p class=\"wp-block-paragraph\">Rubby estuvo casado durante 50 a\u00f1os con In\u00e9s Lizardo, su gran amor desde los 17 a\u00f1os y madre de sus cuatro hijos. Fue una relaci\u00f3n s\u00f3lida y p\u00fablica, una historia de vida marcada por el compa\u00f1erismo, la m\u00fasica y la familia.<\/p>\n\n\n\n<p class=\"wp-block-paragraph\">In\u00e9s falleci\u00f3 en 2022 tras una larga lucha contra el c\u00e1ncer de seno. Su partida dej\u00f3 un vac\u00edo irreparable no solo en Rubby, sino tambi\u00e9n en sus hijos, especialmente Zulinka, quien desde entonces asumi\u00f3 un rol protector sobre el legado de su madre.<\/p>\n\n\n\n<p class=\"wp-block-paragraph\">Sin embargo, detr\u00e1s de esa imagen familiar, tambi\u00e9n exist\u00eda una historia paralela: Rubby hab\u00eda procreado una hija fuera del matrimonio con Michelle Reynoso, la dise\u00f1adora dominicana que se mantuvo mayormente alejada del ojo p\u00fablico.<\/p>\n\n\n\n<p class=\"wp-block-paragraph\">La existencia de esta relaci\u00f3n fue un punto sensible dentro de la familia, generando tensiones, resentimientos y distancias dif\u00edciles de superar.<\/p>\n\n\n\n<p class=\"wp-block-paragraph\">Tras la tragedia, Zulinka habl\u00f3 p\u00fablicamente. En una entrevista revel\u00f3 los momentos de terror vividos en Jet Set, cuando vio una viga caer sobre su padre. Cont\u00f3 c\u00f3mo escap\u00f3 entre los escombros mientras su esposo quedaba atrapado.<\/p>\n\n\n\n<p class=\"wp-block-paragraph\">Y m\u00e1s all\u00e1 del dolor f\u00edsico, expres\u00f3 el emocional: \u201cPerd\u00ed a mi pap\u00e1, mi jefe, el viudo de mi mam\u00e1, el abuelo de mi hijo\u2026 mi alma qued\u00f3 dividida\u201d.<\/p>\n\n\n\n<p class=\"wp-block-paragraph\">Durante esa misma entrevista, Zulinka se refiri\u00f3 directamente a Michelle Reynoso.<\/p>\n\n\n\n<p class=\"wp-block-paragraph\">Dijo que su madre, In\u00e9s, siempre le pidi\u00f3 que la perdonara, pero reconoci\u00f3 que el da\u00f1o causado fue profundo. \u201cMichelle es una muchacha inmadura. Me ha hecho mucho da\u00f1o, nos ha hecho mucho da\u00f1o, pero es su inmadurez\u2026\u201d, declar\u00f3 con voz contenida. Para Zulinka, la relaci\u00f3n de su padre con Michelle no solo afect\u00f3 a su madre, sino que fractur\u00f3 su hogar.<\/p>\n\n\n\n<p class=\"wp-block-paragraph\">Pese a esa historia de dolor, Zulinka tambi\u00e9n mostr\u00f3 apertura. En el funeral, cuando vio a Michelle llegar, se acerc\u00f3 a ella, la abraz\u00f3 y le dijo: \u201cAqu\u00ed todo muri\u00f3. Cuenta conmigo\u201d. Reconoci\u00f3 a Ana Beatriz, hija menor de Rubby, como su hermana, y asegur\u00f3 que \u201cya todo pas\u00f3\u201d, dejando claro que su madre le ense\u00f1\u00f3 a perdonar, no a odiar.<\/p>\n\n\n\n<p class=\"wp-block-paragraph\">Pero horas despu\u00e9s de ese gesto, Michelle respondi\u00f3 p\u00fablicamente en Instagram. \u201cMi historia personal y familiar la conozco \u00fanicamente yo, y solo yo tengo el derecho de contarla\u201d, escribi\u00f3.<\/p>\n\n\n\n<p class=\"wp-block-paragraph\">Su mensaje no mencion\u00f3 a Zulinka directamente, pero fue interpretado como una reacci\u00f3n a sus declaraciones. \u201cEs fundamental conocer las voces de los involucrados para construir una visi\u00f3n m\u00e1s justa de lo sucedido\u201d, agreg\u00f3.<\/p>\n\n\n\n<p class=\"wp-block-paragraph\">Michelle, quien siempre se mantuvo al margen, sinti\u00f3 que su historia fue expuesta sin su consentimiento. Con ese mensaje, reclam\u00f3 su espacio y su derecho a contar su versi\u00f3n. Aunque su tono fue sereno, marc\u00f3 una distancia y evidenci\u00f3 que las heridas emocionales a\u00fan est\u00e1n presentes.<\/p>\n\n\n\n<p class=\"wp-block-paragraph\">Este conflicto no es reciente, pero el fallecimiento de Rubby lo hizo m\u00e1s visible. Mientras unos defienden el legado de un hogar tradicional, otros reclaman justicia y respeto por una historia personal.<\/p>\n\n\n\n<p class=\"wp-block-paragraph\">En el centro de todo, dos mujeres que comparten un mismo lazo: el amor por un hombre que marc\u00f3 sus vidas de forma distinta, y una ni\u00f1a, Ana Beatriz, que une sus historias.<\/p>\n\n\n\n<p class=\"wp-block-paragraph\">Hasta el momento, no ha habido una nueva interacci\u00f3n p\u00fablica entre ambas. Lo que s\u00ed est\u00e1 claro es que, tras la despedida de Rubby P\u00e9rez, su familia intenta recomponerse entre el dolor, los recuerdos, y una exposici\u00f3n medi\u00e1tica que les exige sanar en voz alta.<\/p>\n\n\n\n<figure class=\"wp-block-image size-large\"><img loading=\"lazy\" decoding=\"async\" width=\"1024\" height=\"1024\" src=\"https:\/\/rr.unv-informacion.xyz\/wp-content\/uploads\/2025\/04\/Zulinka-Perez-2025-1024x1024.jpg\" alt=\"\" class=\"wp-image-8433\" srcset=\"https:\/\/rr.unv-informacion.xyz\/wp-content\/uploads\/2025\/04\/Zulinka-Perez-2025-1024x1024.jpg 1024w, https:\/\/rr.unv-informacion.xyz\/wp-content\/uploads\/2025\/04\/Zulinka-Perez-2025-300x300.jpg 300w, https:\/\/rr.unv-informacion.xyz\/wp-content\/uploads\/2025\/04\/Zulinka-Perez-2025-150x150.jpg 150w, https:\/\/rr.unv-informacion.xyz\/wp-content\/uploads\/2025\/04\/Zulinka-Perez-2025-768x768.jpg 768w, https:\/\/rr.unv-informacion.xyz\/wp-content\/uploads\/2025\/04\/Zulinka-Perez-2025-420x420.jpg 420w, https:\/\/rr.unv-informacion.xyz\/wp-content\/uploads\/2025\/04\/Zulinka-Perez-2025.jpg 1080w\" sizes=\"auto, (max-width: 1024px) 100vw, 1024px\" \/><\/figure>\n\n\n\n<figure class=\"wp-block-image size-full\"><img loading=\"lazy\" decoding=\"async\" width=\"1000\" height=\"700\" src=\"https:\/\/rr.unv-informacion.xyz\/wp-content\/uploads\/2025\/04\/michelle-reynoso-1.jpg\" alt=\"\" class=\"wp-image-8434\" srcset=\"https:\/\/rr.unv-informacion.xyz\/wp-content\/uploads\/2025\/04\/michelle-reynoso-1.jpg 1000w, https:\/\/rr.unv-informacion.xyz\/wp-content\/uploads\/2025\/04\/michelle-reynoso-1-300x210.jpg 300w, https:\/\/rr.unv-informacion.xyz\/wp-content\/uploads\/2025\/04\/michelle-reynoso-1-768x538.jpg 768w, https:\/\/rr.unv-informacion.xyz\/wp-content\/uploads\/2025\/04\/michelle-reynoso-1-600x420.jpg 600w, https:\/\/rr.unv-informacion.xyz\/wp-content\/uploads\/2025\/04\/michelle-reynoso-1-640x448.jpg 640w, https:\/\/rr.unv-informacion.xyz\/wp-content\/uploads\/2025\/04\/michelle-reynoso-1-681x477.jpg 681w\" sizes=\"auto, (max-width: 1000px) 100vw, 1000px\" \/><\/figure>\n\n\n\n<figure class=\"wp-block-embed is-type-video is-provider-youtube wp-block-embed-youtube wp-embed-aspect-16-9 wp-has-aspect-ratio\"><div class=\"wp-block-embed__wrapper\">\n<iframe loading=\"lazy\" title=\"Entrevista exclusiva con la hija de Rubby P\u00e9rez\" width=\"640\" height=\"360\" src=\"https:\/\/www.youtube.com\/embed\/d8SnTvLSH2o?feature=oembed\" frameborder=\"0\" allow=\"accelerometer; autoplay; clipboard-write; encrypted-media; gyroscope; picture-in-picture; web-share\" referrerpolicy=\"strict-origin-when-cross-origin\" allowfullscreen><\/iframe>\n<\/div><\/figure>\n","protected":false},"excerpt":{"rendered":"<p>La noche del 8 de abril dej\u00f3 una herida que a\u00fan no cicatriza en la m\u00fasica dominicana. El colapso del techo de la discoteca Jet Set, en plena presentaci\u00f3n, acab\u00f3 con la vida de m\u00e1s de 200 personas, incluyendo al legendario merenguero Rubby P\u00e9rez. Pero adem\u00e1s de la tragedia nacional, este evento destap\u00f3 profundos conflictos [&hellip;]<\/p>\n","protected":false},"author":1,"featured_media":8434,"comment_status":"open","ping_status":"open","sticky":false,"template":"","format":"standard","meta":{"footnotes":""},"categories":[1],"tags":[],"class_list":["post-8432","post","type-post","status-publish","format-standard","has-post-thumbnail","hentry","category-uncategorized"],"_links":{"self":[{"href":"https:\/\/rr.unv-informacion.xyz\/index.php?rest_route=\/wp\/v2\/posts\/8432","targetHints":{"allow":["GET"]}}],"collection":[{"href":"https:\/\/rr.unv-informacion.xyz\/index.php?rest_route=\/wp\/v2\/posts"}],"about":[{"href":"https:\/\/rr.unv-informacion.xyz\/index.php?rest_route=\/wp\/v2\/types\/post"}],"author":[{"embeddable":true,"href":"https:\/\/rr.unv-informacion.xyz\/index.php?rest_route=\/wp\/v2\/users\/1"}],"replies":[{"embeddable":true,"href":"https:\/\/rr.unv-informacion.xyz\/index.php?rest_route=%2Fwp%2Fv2%2Fcomments&post=8432"}],"version-history":[{"count":1,"href":"https:\/\/rr.unv-informacion.xyz\/index.php?rest_route=\/wp\/v2\/posts\/8432\/revisions"}],"predecessor-version":[{"id":8435,"href":"https:\/\/rr.unv-informacion.xyz\/index.php?rest_route=\/wp\/v2\/posts\/8432\/revisions\/8435"}],"wp:featuredmedia":[{"embeddable":true,"href":"https:\/\/rr.unv-informacion.xyz\/index.php?rest_route=\/wp\/v2\/media\/8434"}],"wp:attachment":[{"href":"https:\/\/rr.unv-informacion.xyz\/index.php?rest_route=%2Fwp%2Fv2%2Fmedia&parent=8432"}],"wp:term":[{"taxonomy":"category","embeddable":true,"href":"https:\/\/rr.unv-informacion.xyz\/index.php?rest_route=%2Fwp%2Fv2%2Fcategories&post=8432"},{"taxonomy":"post_tag","embeddable":true,"href":"https:\/\/rr.unv-informacion.xyz\/index.php?rest_route=%2Fwp%2Fv2%2Ftags&post=8432"}],"curies":[{"name":"wp","href":"https:\/\/api.w.org\/{rel}","templated":true}]}}