{"id":8439,"date":"2025-04-14T19:38:46","date_gmt":"2025-04-14T19:38:46","guid":{"rendered":"https:\/\/rr.unv-informacion.xyz\/?p=8439"},"modified":"2025-04-14T19:38:46","modified_gmt":"2025-04-14T19:38:46","slug":"santiago-matias-revela-que-antonio-espaillat-lo-llamo","status":"publish","type":"post","link":"https:\/\/rr.unv-informacion.xyz\/?p=8439","title":{"rendered":"Santiago Mat\u00edas revela que Antonio Espaillat lo llam\u00f3"},"content":{"rendered":"\n<p class=\"wp-block-paragraph\">En medio del torbellino de reacciones que ha generado el colapso del emblem\u00e1tico centro de diversi\u00f3n Jet Set, un nuevo elemento emerge: la revelaci\u00f3n hecha por el comunicador y empresario Santiago Mat\u00edas.<\/p>\n\n\n\n<p class=\"wp-block-paragraph\">El creador de contenido afirm\u00f3 haber sido contactado por Antonio Espaillat, figura se\u00f1alada como propietario del establecimiento, para solicitarle apoyo en la construcci\u00f3n del discurso p\u00fablico tras el tr\u00e1gico evento.<\/p>\n\n\n\n<p class=\"wp-block-paragraph\">\u201cYo no conozco a Antonio Espaillat, lo he visto, no es mi amigo. Cuando sucede el suceso, \u00e9l me llama y me pide ayuda con la ret\u00f3rica\u201d, declar\u00f3 Mat\u00edas, a\u00f1adiendo que su respuesta fue otorgar \u201cseis d\u00edas para que se haga no responsable, sino que haga lo propio, lo humano\u201d.<\/p>\n\n\n\n<p class=\"wp-block-paragraph\">Estas palabras, pronunciadas en un contexto cargado de tensi\u00f3n y cuestionamientos sociales, no solo evidencian una estrategia de control de da\u00f1os, sino que exponen las presiones medi\u00e1ticas que giran en torno a los actores involucrados.<\/p>\n\n\n\n<p class=\"wp-block-paragraph\">Posteriormente, seg\u00fan relat\u00f3 el propio Mat\u00edas, Espaillat volvi\u00f3 a comunicarse con \u00e9l, pero esta vez con una petici\u00f3n distinta: le solicit\u00f3 que hiciera una publicaci\u00f3n en su plataforma con el objetivo de \u201cbajar la presi\u00f3n medi\u00e1tica\u201d.<\/p>\n\n\n\n<p class=\"wp-block-paragraph\">Esta segunda llamada reafirma la intenci\u00f3n del empresario de buscar respaldo en figuras de alto alcance digital para gestionar la narrativa p\u00fablica, apelando no al reconocimiento de responsabilidades, sino a una contenci\u00f3n del impacto reputacional que la tragedia ha desatado.<\/p>\n\n\n\n<p class=\"wp-block-paragraph\">El derrumbe ocurrido la madrugada del pasado martes 8 de abril, que dej\u00f3 al menos 226 v\u00edctimas confirmadas, seg\u00fan datos oficiales, ha abierto un cap\u00edtulo de profundo dolor para cientos de familias.<\/p>\n\n\n\n<p class=\"wp-block-paragraph\">Al mismo tiempo, ha generado un debate nacional sobre las condiciones estructurales del local, las responsabilidades empresariales y la respuesta institucional ante la magnitud del desastre.<\/p>\n\n\n\n<p class=\"wp-block-paragraph\">En el centro de esta tormenta se encuentra Antonio Espaillat, se\u00f1alado como principal accionista de la sociedad Inversiones E y L, S.R.L., entidad comercialmente vinculada al nombre Jet Set Club, bajo el registro n\u00famero 757844.<\/p>\n\n\n\n<p class=\"wp-block-paragraph\">Si bien no se ha pronunciado p\u00fablicamente con amplitud, la supuesta llamada a Santiago Mat\u00edas pone sobre la mesa una intenci\u00f3n expl\u00edcita de gestionar su imagen ante la opini\u00f3n p\u00fablica, en vez de asumir un rol proactivo de responsabilidad o reparaci\u00f3n inmediata.<\/p>\n\n\n\n<p class=\"wp-block-paragraph\">Desde ese momento, diferentes personalidades del pa\u00eds han alzado la voz, cuestionando la falta de presencia visible de los directivos de la discoteca.<\/p>\n\n\n\n<p class=\"wp-block-paragraph\">Mientras tanto, los ciudadanos siguen demandando transparencia en la investigaci\u00f3n y justicia para las v\u00edctimas, en un escenario donde las cifras no dejan de crecer y las respuestas a\u00fan escasean.<\/p>\n\n\n\n<p class=\"wp-block-paragraph\">Esta revelaci\u00f3n se suma a una lista creciente de datos que colocan bajo la lupa no solo a los propietarios del local, sino tambi\u00e9n a quienes, desde el poder o la influencia, han buscado moldear la narrativa que se difunde sobre este caso.<\/p>\n\n\n<blockquote class=\"twitter-tweet\" data-media-max-width=\"560\"><p lang=\"es\" dir=\"ltr\">Respuesta de Santiago Mat\u00edas para Antonio Espaillat \ud83e\udd2f <a href=\"https:\/\/t.co\/dfjQxcGZXP\">pic.twitter.com\/dfjQxcGZXP<\/a><\/p>&mdash; MejoiHombre\u2122\ufe0f\ud83e\udd69\ud83e\udd53 (@EiMejorHombre) <a href=\"https:\/\/twitter.com\/EiMejorHombre\/status\/1911590336998285620?ref_src=twsrc%5Etfw\">April 14, 2025<\/a><\/blockquote> <script async src=\"https:\/\/platform.twitter.com\/widgets.js\" charset=\"utf-8\"><\/script>","protected":false},"excerpt":{"rendered":"<p>En medio del torbellino de reacciones que ha generado el colapso del emblem\u00e1tico centro de diversi\u00f3n Jet Set, un nuevo elemento emerge: la revelaci\u00f3n hecha por el comunicador y empresario Santiago Mat\u00edas. El creador de contenido afirm\u00f3 haber sido contactado por Antonio Espaillat, figura se\u00f1alada como propietario del establecimiento, para solicitarle apoyo en la construcci\u00f3n [&hellip;]<\/p>\n","protected":false},"author":1,"featured_media":8440,"comment_status":"open","ping_status":"open","sticky":false,"template":"","format":"standard","meta":{"footnotes":""},"categories":[1],"tags":[],"class_list":["post-8439","post","type-post","status-publish","format-standard","has-post-thumbnail","hentry","category-uncategorized"],"_links":{"self":[{"href":"https:\/\/rr.unv-informacion.xyz\/index.php?rest_route=\/wp\/v2\/posts\/8439","targetHints":{"allow":["GET"]}}],"collection":[{"href":"https:\/\/rr.unv-informacion.xyz\/index.php?rest_route=\/wp\/v2\/posts"}],"about":[{"href":"https:\/\/rr.unv-informacion.xyz\/index.php?rest_route=\/wp\/v2\/types\/post"}],"author":[{"embeddable":true,"href":"https:\/\/rr.unv-informacion.xyz\/index.php?rest_route=\/wp\/v2\/users\/1"}],"replies":[{"embeddable":true,"href":"https:\/\/rr.unv-informacion.xyz\/index.php?rest_route=%2Fwp%2Fv2%2Fcomments&post=8439"}],"version-history":[{"count":1,"href":"https:\/\/rr.unv-informacion.xyz\/index.php?rest_route=\/wp\/v2\/posts\/8439\/revisions"}],"predecessor-version":[{"id":8441,"href":"https:\/\/rr.unv-informacion.xyz\/index.php?rest_route=\/wp\/v2\/posts\/8439\/revisions\/8441"}],"wp:featuredmedia":[{"embeddable":true,"href":"https:\/\/rr.unv-informacion.xyz\/index.php?rest_route=\/wp\/v2\/media\/8440"}],"wp:attachment":[{"href":"https:\/\/rr.unv-informacion.xyz\/index.php?rest_route=%2Fwp%2Fv2%2Fmedia&parent=8439"}],"wp:term":[{"taxonomy":"category","embeddable":true,"href":"https:\/\/rr.unv-informacion.xyz\/index.php?rest_route=%2Fwp%2Fv2%2Fcategories&post=8439"},{"taxonomy":"post_tag","embeddable":true,"href":"https:\/\/rr.unv-informacion.xyz\/index.php?rest_route=%2Fwp%2Fv2%2Ftags&post=8439"}],"curies":[{"name":"wp","href":"https:\/\/api.w.org\/{rel}","templated":true}]}}