{"id":8465,"date":"2025-04-15T18:37:58","date_gmt":"2025-04-15T18:37:58","guid":{"rendered":"https:\/\/rr.unv-informacion.xyz\/?p=8465"},"modified":"2025-04-15T18:37:58","modified_gmt":"2025-04-15T18:37:58","slug":"en-el-sector-de-arenoso-en-la-vega","status":"publish","type":"post","link":"https:\/\/rr.unv-informacion.xyz\/?p=8465","title":{"rendered":"En el sector de Arenoso, en La Vega"},"content":{"rendered":"\n<p class=\"wp-block-paragraph\">No vamos bien en la Rep\u00fablica Dominicana. En el sector de Arenoso, en La Vega, se ha encontrado sin vida a un hombre conocido como Apolinar, lo que ha conmocionado a la comunidad. Seg\u00fan los vecinos; era un hombre muy querido por todos, y su inesperada muerte ha dejado un profundo vac\u00edo.<\/p>\n\n\n\n<p class=\"wp-block-paragraph\">Seg\u00fan versiones de testigos, Apolinar fue hallado con una varilla incrustada en la parte del cuello, al lado de una carretilla.<\/p>\n\n\n\n<p class=\"wp-block-paragraph\">Este tr\u00e1gico suceso ha generado preocupaci\u00f3n entre los residentes del \u00e1rea, quienes esperan respuestas sobre las circunstancias que rodean este incidente.<\/p>\n\n\n\n<p class=\"wp-block-paragraph\">Actualmente, est\u00e1n a la espera de que llegue el forense para realizar las investigaciones pertinentes.<\/p>\n\n\n\n<p class=\"wp-block-paragraph\">La Polic\u00eda Nacional a la espera que llegue el forense, fiscales y dem\u00e1s autoridades para llevar a cabo el levantamiento del cuerpo y esclarecer lo sucedido.<\/p>\n\n\n\n<p class=\"wp-block-paragraph\">La comunidad se une en luto mientras aguardan m\u00e1s informaci\u00f3n sobre este lamentable acontecimiento.<\/p>\n\n\n<iframe loading=\"lazy\" src=\"https:\/\/www.facebook.com\/plugins\/video.php?href=https%3A%2F%2Fwww.facebook.com%2Flavegamundial%2Fvideos%2F1380500332991336%2F%3Fref%3Dembed_video&#038;show_text=0&#038;width=267\" width=\"267\" height=\"476\" style=\"border:none;overflow:hidden\" scrolling=\"no\" frameborder=\"0\" allowfullscreen=\"true\" allow=\"autoplay; clipboard-write; encrypted-media; picture-in-picture; web-share\" allowFullScreen=\"true\"><\/iframe>","protected":false},"excerpt":{"rendered":"<p>No vamos bien en la Rep\u00fablica Dominicana. En el sector de Arenoso, en La Vega, se ha encontrado sin vida a un hombre conocido como Apolinar, lo que ha conmocionado a la comunidad. Seg\u00fan los vecinos; era un hombre muy querido por todos, y su inesperada muerte ha dejado un profundo vac\u00edo. Seg\u00fan versiones de [&hellip;]<\/p>\n","protected":false},"author":1,"featured_media":8466,"comment_status":"open","ping_status":"open","sticky":false,"template":"","format":"standard","meta":{"footnotes":""},"categories":[1],"tags":[],"class_list":["post-8465","post","type-post","status-publish","format-standard","has-post-thumbnail","hentry","category-uncategorized"],"_links":{"self":[{"href":"https:\/\/rr.unv-informacion.xyz\/index.php?rest_route=\/wp\/v2\/posts\/8465","targetHints":{"allow":["GET"]}}],"collection":[{"href":"https:\/\/rr.unv-informacion.xyz\/index.php?rest_route=\/wp\/v2\/posts"}],"about":[{"href":"https:\/\/rr.unv-informacion.xyz\/index.php?rest_route=\/wp\/v2\/types\/post"}],"author":[{"embeddable":true,"href":"https:\/\/rr.unv-informacion.xyz\/index.php?rest_route=\/wp\/v2\/users\/1"}],"replies":[{"embeddable":true,"href":"https:\/\/rr.unv-informacion.xyz\/index.php?rest_route=%2Fwp%2Fv2%2Fcomments&post=8465"}],"version-history":[{"count":1,"href":"https:\/\/rr.unv-informacion.xyz\/index.php?rest_route=\/wp\/v2\/posts\/8465\/revisions"}],"predecessor-version":[{"id":8467,"href":"https:\/\/rr.unv-informacion.xyz\/index.php?rest_route=\/wp\/v2\/posts\/8465\/revisions\/8467"}],"wp:featuredmedia":[{"embeddable":true,"href":"https:\/\/rr.unv-informacion.xyz\/index.php?rest_route=\/wp\/v2\/media\/8466"}],"wp:attachment":[{"href":"https:\/\/rr.unv-informacion.xyz\/index.php?rest_route=%2Fwp%2Fv2%2Fmedia&parent=8465"}],"wp:term":[{"taxonomy":"category","embeddable":true,"href":"https:\/\/rr.unv-informacion.xyz\/index.php?rest_route=%2Fwp%2Fv2%2Fcategories&post=8465"},{"taxonomy":"post_tag","embeddable":true,"href":"https:\/\/rr.unv-informacion.xyz\/index.php?rest_route=%2Fwp%2Fv2%2Ftags&post=8465"}],"curies":[{"name":"wp","href":"https:\/\/api.w.org\/{rel}","templated":true}]}}