{"id":8468,"date":"2025-04-15T18:44:01","date_gmt":"2025-04-15T18:44:01","guid":{"rendered":"https:\/\/rr.unv-informacion.xyz\/?p=8468"},"modified":"2025-04-15T18:44:02","modified_gmt":"2025-04-15T18:44:02","slug":"presidente-abinader-revela-vinculo-cercano-con-guaro-y-alexandra","status":"publish","type":"post","link":"https:\/\/rr.unv-informacion.xyz\/?p=8468","title":{"rendered":"Presidente Abinader revela v\u00ednculo cercano con Guaro y Alexandra"},"content":{"rendered":"\n<p class=\"wp-block-paragraph\">\u201cYo fui el padrino de la boda de Guaro\u201d, confes\u00f3r, con la voz quebrada y el rostro visiblemente afectado, al compartir uno de los pasajes m\u00e1s personales y desgarradores de su vida p\u00fablica.<\/p>\n\n\n\n<p class=\"wp-block-paragraph\">El mandatario dominicano revel\u00f3 que no solo vivi\u00f3 la tragedia del Jet Set como jefe de Estado, sino tambi\u00e9n como un amigo herido, como un hombre que perdi\u00f3 entre 11 y 12 personas cercanas en apenas segundos.<\/p>\n\n\n\n<p class=\"wp-block-paragraph\">La madrugada del martes 8 de abril, a las 12:44, el techo de la discoteca Jet Set colaps\u00f3 de forma inesperada, arrastrando con \u00e9l a m\u00e1s de dos centenares de vidas, incluyendo la de Eduardo Guarionex Estrella Cruz, hijo del ministro de Obras P\u00fablicas, y su esposa Alexandra Grull\u00f3n Segura, hija del banquero Alejandro Grull\u00f3n y de la fil\u00e1ntropa Melba Segura viuda Grull\u00f3n.<\/p>\n\n\n\n<p class=\"wp-block-paragraph\">Ambos reci\u00e9n casados, con menos de un a\u00f1o de matrimonio, se convirtieron en s\u00edmbolo de una tragedia que estremeci\u00f3 a todo el pa\u00eds.<\/p>\n\n\n\n<p class=\"wp-block-paragraph\">Eran parte de una \u00e9lite joven, educada y comprometida con el desarrollo del pa\u00eds. Ella, gerente de proyectos en Qik Banco Digital Dominicano; \u00e9l, viceministro del Ministerio de la Vivienda y Edificaciones, con una prometedora carrera p\u00fablica y una fecha de cumplea\u00f1os pr\u00f3xima: el 21 de abril cumplir\u00eda 36 a\u00f1os.<\/p>\n\n\n\n<p class=\"wp-block-paragraph\">Abinader narr\u00f3 durante La Semanal que, en medio del caos, recibi\u00f3 una llamada desesperada de Nelsy Cruz, gobernadora de Montecristi, quien se encontraba en el lugar del hecho y le implor\u00f3 que enviara ambulancias.<\/p>\n\n\n\n<p class=\"wp-block-paragraph\">Lo que en ese momento parec\u00eda una operaci\u00f3n m\u00e1s de emergencia se transform\u00f3 en una de las noches m\u00e1s duras de su mandato y su vida personal.<\/p>\n\n\n\n<p class=\"wp-block-paragraph\">La noticia m\u00e1s devastadora llegar\u00eda minutos despu\u00e9s. Cuando llam\u00f3 a Eduardo Estrella para pedirle asistencia urgente en la zona cero, ninguno imaginaba que su hijo estaba entre los desaparecidos.<\/p>\n\n\n\n<p class=\"wp-block-paragraph\">Horas m\u00e1s tarde, la confirmaci\u00f3n de su p\u00e9rdida sellar\u00eda un duelo nacional con un dolor particular para ambas familias, unidas no solo por v\u00ednculos institucionales, sino tambi\u00e9n por lazos personales profundos.<\/p>\n\n\n\n<p class=\"wp-block-paragraph\">En palabras del presidente, \u201cla gran mayor\u00eda de las v\u00edctimas eran dominicanos\u201d, y cada uno representaba una historia de sue\u00f1os truncados, de familias desmembradas, de amistades que no tendr\u00e1n otro abrazo.<\/p>\n\n\n\n<p class=\"wp-block-paragraph\">Alexandra era la \u00fanica hija de Melba, \u201cla ni\u00f1a de sus ojos\u201d, como sol\u00eda llamarla, y el orgullo de una madre que ahora enfrenta la p\u00e9rdida m\u00e1s grande.<\/p>\n\n\n\n<p class=\"wp-block-paragraph\">Eduardo era el \u00fanico hijo var\u00f3n de don Eduardo Estrella, su nombre sonaba con fuerza en los pasillos del gobierno por su entrega y compromiso con la funci\u00f3n p\u00fablica.<\/p>\n\n\n\n<p class=\"wp-block-paragraph\">Desde hoy, estas dos familias, como muchas otras, enfrentan el vac\u00edo m\u00e1s irremediable, y la Rep\u00fablica Dominicana entera se une a ese luto, que no distingue nombres ni cargos, cuando el dolor es tan humano como universal.<\/p>\n\n\n\n<figure class=\"wp-block-image size-full\"><img loading=\"lazy\" decoding=\"async\" width=\"670\" height=\"838\" src=\"https:\/\/rr.unv-informacion.xyz\/wp-content\/uploads\/2025\/04\/kpp.jpg\" alt=\"\" class=\"wp-image-8469\" srcset=\"https:\/\/rr.unv-informacion.xyz\/wp-content\/uploads\/2025\/04\/kpp.jpg 670w, https:\/\/rr.unv-informacion.xyz\/wp-content\/uploads\/2025\/04\/kpp-240x300.jpg 240w, https:\/\/rr.unv-informacion.xyz\/wp-content\/uploads\/2025\/04\/kpp-336x420.jpg 336w, https:\/\/rr.unv-informacion.xyz\/wp-content\/uploads\/2025\/04\/kpp-640x800.jpg 640w\" sizes=\"auto, (max-width: 670px) 100vw, 670px\" \/><\/figure>\n\n\n\n<figure class=\"wp-block-image size-full\"><img loading=\"lazy\" decoding=\"async\" width=\"670\" height=\"838\" src=\"https:\/\/rr.unv-informacion.xyz\/wp-content\/uploads\/2025\/04\/lpo.jpg\" alt=\"\" class=\"wp-image-8470\" srcset=\"https:\/\/rr.unv-informacion.xyz\/wp-content\/uploads\/2025\/04\/lpo.jpg 670w, https:\/\/rr.unv-informacion.xyz\/wp-content\/uploads\/2025\/04\/lpo-240x300.jpg 240w, https:\/\/rr.unv-informacion.xyz\/wp-content\/uploads\/2025\/04\/lpo-336x420.jpg 336w, https:\/\/rr.unv-informacion.xyz\/wp-content\/uploads\/2025\/04\/lpo-640x800.jpg 640w\" sizes=\"auto, (max-width: 670px) 100vw, 670px\" \/><\/figure>\n\n\n\n<figure class=\"wp-block-image size-large\"><img loading=\"lazy\" decoding=\"async\" width=\"819\" height=\"1024\" src=\"https:\/\/rr.unv-informacion.xyz\/wp-content\/uploads\/2025\/04\/ook-819x1024.jpg\" alt=\"\" class=\"wp-image-8471\" srcset=\"https:\/\/rr.unv-informacion.xyz\/wp-content\/uploads\/2025\/04\/ook-819x1024.jpg 819w, https:\/\/rr.unv-informacion.xyz\/wp-content\/uploads\/2025\/04\/ook-240x300.jpg 240w, https:\/\/rr.unv-informacion.xyz\/wp-content\/uploads\/2025\/04\/ook-768x960.jpg 768w, https:\/\/rr.unv-informacion.xyz\/wp-content\/uploads\/2025\/04\/ook-336x420.jpg 336w, https:\/\/rr.unv-informacion.xyz\/wp-content\/uploads\/2025\/04\/ook-640x800.jpg 640w, https:\/\/rr.unv-informacion.xyz\/wp-content\/uploads\/2025\/04\/ook-681x851.jpg 681w, https:\/\/rr.unv-informacion.xyz\/wp-content\/uploads\/2025\/04\/ook.jpg 843w\" sizes=\"auto, (max-width: 819px) 100vw, 819px\" \/><\/figure>\n\n\n\n<figure class=\"wp-block-image size-full\"><img loading=\"lazy\" decoding=\"async\" width=\"716\" height=\"785\" src=\"https:\/\/rr.unv-informacion.xyz\/wp-content\/uploads\/2025\/04\/lnn.jpg\" alt=\"\" class=\"wp-image-8472\" srcset=\"https:\/\/rr.unv-informacion.xyz\/wp-content\/uploads\/2025\/04\/lnn.jpg 716w, https:\/\/rr.unv-informacion.xyz\/wp-content\/uploads\/2025\/04\/lnn-274x300.jpg 274w, https:\/\/rr.unv-informacion.xyz\/wp-content\/uploads\/2025\/04\/lnn-383x420.jpg 383w, https:\/\/rr.unv-informacion.xyz\/wp-content\/uploads\/2025\/04\/lnn-640x702.jpg 640w, https:\/\/rr.unv-informacion.xyz\/wp-content\/uploads\/2025\/04\/lnn-681x747.jpg 681w\" sizes=\"auto, (max-width: 716px) 100vw, 716px\" \/><\/figure>\n","protected":false},"excerpt":{"rendered":"<p>\u201cYo fui el padrino de la boda de Guaro\u201d, confes\u00f3r, con la voz quebrada y el rostro visiblemente afectado, al compartir uno de los pasajes m\u00e1s personales y desgarradores de su vida p\u00fablica. El mandatario dominicano revel\u00f3 que no solo vivi\u00f3 la tragedia del Jet Set como jefe de Estado, sino tambi\u00e9n como un amigo [&hellip;]<\/p>\n","protected":false},"author":1,"featured_media":8469,"comment_status":"open","ping_status":"open","sticky":false,"template":"","format":"standard","meta":{"footnotes":""},"categories":[1],"tags":[],"class_list":["post-8468","post","type-post","status-publish","format-standard","has-post-thumbnail","hentry","category-uncategorized"],"_links":{"self":[{"href":"https:\/\/rr.unv-informacion.xyz\/index.php?rest_route=\/wp\/v2\/posts\/8468","targetHints":{"allow":["GET"]}}],"collection":[{"href":"https:\/\/rr.unv-informacion.xyz\/index.php?rest_route=\/wp\/v2\/posts"}],"about":[{"href":"https:\/\/rr.unv-informacion.xyz\/index.php?rest_route=\/wp\/v2\/types\/post"}],"author":[{"embeddable":true,"href":"https:\/\/rr.unv-informacion.xyz\/index.php?rest_route=\/wp\/v2\/users\/1"}],"replies":[{"embeddable":true,"href":"https:\/\/rr.unv-informacion.xyz\/index.php?rest_route=%2Fwp%2Fv2%2Fcomments&post=8468"}],"version-history":[{"count":1,"href":"https:\/\/rr.unv-informacion.xyz\/index.php?rest_route=\/wp\/v2\/posts\/8468\/revisions"}],"predecessor-version":[{"id":8473,"href":"https:\/\/rr.unv-informacion.xyz\/index.php?rest_route=\/wp\/v2\/posts\/8468\/revisions\/8473"}],"wp:featuredmedia":[{"embeddable":true,"href":"https:\/\/rr.unv-informacion.xyz\/index.php?rest_route=\/wp\/v2\/media\/8469"}],"wp:attachment":[{"href":"https:\/\/rr.unv-informacion.xyz\/index.php?rest_route=%2Fwp%2Fv2%2Fmedia&parent=8468"}],"wp:term":[{"taxonomy":"category","embeddable":true,"href":"https:\/\/rr.unv-informacion.xyz\/index.php?rest_route=%2Fwp%2Fv2%2Fcategories&post=8468"},{"taxonomy":"post_tag","embeddable":true,"href":"https:\/\/rr.unv-informacion.xyz\/index.php?rest_route=%2Fwp%2Fv2%2Ftags&post=8468"}],"curies":[{"name":"wp","href":"https:\/\/api.w.org\/{rel}","templated":true}]}}