{"id":8501,"date":"2025-04-17T18:46:56","date_gmt":"2025-04-17T18:46:56","guid":{"rendered":"https:\/\/rr.unv-informacion.xyz\/?p=8501"},"modified":"2025-04-17T18:46:56","modified_gmt":"2025-04-17T18:46:56","slug":"pasa-a-mejor-vida-regidor-que-dono-sangre-a-los-afectados-del-jet-set-tras-colapso","status":"publish","type":"post","link":"https:\/\/rr.unv-informacion.xyz\/?p=8501","title":{"rendered":"Pasa a mejor vida regidor que don\u00f3 sangre a los afectados del Jet Set tras colapso"},"content":{"rendered":"\n<p class=\"wp-block-paragraph\">El silencio se adue\u00f1\u00f3 de las calles de La Caleta tras confirmarse la inesperada partida de Wilmy Nova, joven l\u00edder comunitario y promesa pol\u00edtica del municipio, quien habr\u00eda sufrido un presunto infarto, seg\u00fan los reportes iniciales que a\u00fan aguardan confirmaci\u00f3n oficial mediante autopsia forense.<\/p>\n\n\n\n<p class=\"wp-block-paragraph\">Con tan solo unos a\u00f1os de vida p\u00fablica, pero con una energ\u00eda que parec\u00eda inagotable, Wilmy se convirti\u00f3 en un referente para cientos de j\u00f3venes del sector, al frente de la presidencia de la Juventud de La Caleta, desde donde impuls\u00f3 proyectos de inclusi\u00f3n, liderazgo y formaci\u00f3n ciudadana.<\/p>\n\n\n\n<p class=\"wp-block-paragraph\">No era extra\u00f1o verlo organizar jornadas de limpieza, liderar actividades recreativas o tocar puertas para buscar oportunidades para los suyos.<\/p>\n\n\n\n<p class=\"wp-block-paragraph\">Su carisma, su tono jovial y su entrega constante lo definieron en cada paso que dio. Aquellos que lo vieron crecer aseguran que su compromiso con el barrio era aut\u00e9ntico, sin ambiciones desmedidas, solo deseos de ver a su comunidad avanzar.<\/p>\n\n\n\n<p class=\"wp-block-paragraph\">Adem\u00e1s de su desempe\u00f1o pol\u00edtico, Wilmy desarroll\u00f3 una faceta empresarial que lo posicion\u00f3 como un joven emprendedor con ideas frescas y vocaci\u00f3n colaborativa.<\/p>\n\n\n\n<p class=\"wp-block-paragraph\">Era frecuente su participaci\u00f3n en eventos de apoyo a comerciantes locales, y sus redes sociales daban cuenta de su entusiasmo por generar empleos y oportunidades, incluso en tiempos de dificultad.<\/p>\n\n\n\n<p class=\"wp-block-paragraph\">Quienes convivieron de cerca con \u00e9l coinciden en que su legado no se limita a cargos ni t\u00edtulos, sino a la manera en que hizo sentir a cada persona que cruz\u00f3 su camino.<\/p>\n\n\n\n<p class=\"wp-block-paragraph\">\u201cEra un muchacho que no sab\u00eda decir que no cuando se trataba de ayudar\u201d, expres\u00f3 entre l\u00e1grimas una vecina del sector, mientras se encend\u00edan velones en su honor frente al local donde trabajaba.<\/p>\n\n\n\n<p class=\"wp-block-paragraph\">A partir de hoy, la comunidad de La Caleta se viste de recogimiento. Familias enteras, l\u00edderes barriales, compa\u00f1eros pol\u00edticos y amigos se han unido en cadenas de oraci\u00f3n y gestos de solidaridad para rendir homenaje a un joven que, con apenas unos a\u00f1os de servicio, dej\u00f3 una huella imborrable.<\/p>\n\n\n\n<p class=\"wp-block-paragraph\">Las autoridades locales se mantienen en contacto con los parientes m\u00e1s cercanos de Nova, mientras se espera el resultado del informe oficial que confirmar\u00e1 la causa exacta de este tr\u00e1gico evento.<\/p>\n\n\n<iframe loading=\"lazy\" src=\"https:\/\/www.facebook.com\/plugins\/video.php?href=https%3A%2F%2Fwww.facebook.com%2FBANLEOTV%2Fvideos%2F1315766992852021%2F%3Fref%3Dembed_video&#038;show_text=0&#038;width=476\" width=\"476\" height=\"476\" style=\"border:none;overflow:hidden\" scrolling=\"no\" frameborder=\"0\" allowfullscreen=\"true\" allow=\"autoplay; clipboard-write; encrypted-media; picture-in-picture; web-share\" allowFullScreen=\"true\"><\/iframe>","protected":false},"excerpt":{"rendered":"<p>El silencio se adue\u00f1\u00f3 de las calles de La Caleta tras confirmarse la inesperada partida de Wilmy Nova, joven l\u00edder comunitario y promesa pol\u00edtica del municipio, quien habr\u00eda sufrido un presunto infarto, seg\u00fan los reportes iniciales que a\u00fan aguardan confirmaci\u00f3n oficial mediante autopsia forense. Con tan solo unos a\u00f1os de vida p\u00fablica, pero con una [&hellip;]<\/p>\n","protected":false},"author":1,"featured_media":8502,"comment_status":"open","ping_status":"open","sticky":false,"template":"","format":"standard","meta":{"footnotes":""},"categories":[1],"tags":[],"class_list":["post-8501","post","type-post","status-publish","format-standard","has-post-thumbnail","hentry","category-uncategorized"],"_links":{"self":[{"href":"https:\/\/rr.unv-informacion.xyz\/index.php?rest_route=\/wp\/v2\/posts\/8501","targetHints":{"allow":["GET"]}}],"collection":[{"href":"https:\/\/rr.unv-informacion.xyz\/index.php?rest_route=\/wp\/v2\/posts"}],"about":[{"href":"https:\/\/rr.unv-informacion.xyz\/index.php?rest_route=\/wp\/v2\/types\/post"}],"author":[{"embeddable":true,"href":"https:\/\/rr.unv-informacion.xyz\/index.php?rest_route=\/wp\/v2\/users\/1"}],"replies":[{"embeddable":true,"href":"https:\/\/rr.unv-informacion.xyz\/index.php?rest_route=%2Fwp%2Fv2%2Fcomments&post=8501"}],"version-history":[{"count":1,"href":"https:\/\/rr.unv-informacion.xyz\/index.php?rest_route=\/wp\/v2\/posts\/8501\/revisions"}],"predecessor-version":[{"id":8503,"href":"https:\/\/rr.unv-informacion.xyz\/index.php?rest_route=\/wp\/v2\/posts\/8501\/revisions\/8503"}],"wp:featuredmedia":[{"embeddable":true,"href":"https:\/\/rr.unv-informacion.xyz\/index.php?rest_route=\/wp\/v2\/media\/8502"}],"wp:attachment":[{"href":"https:\/\/rr.unv-informacion.xyz\/index.php?rest_route=%2Fwp%2Fv2%2Fmedia&parent=8501"}],"wp:term":[{"taxonomy":"category","embeddable":true,"href":"https:\/\/rr.unv-informacion.xyz\/index.php?rest_route=%2Fwp%2Fv2%2Fcategories&post=8501"},{"taxonomy":"post_tag","embeddable":true,"href":"https:\/\/rr.unv-informacion.xyz\/index.php?rest_route=%2Fwp%2Fv2%2Ftags&post=8501"}],"curies":[{"name":"wp","href":"https:\/\/api.w.org\/{rel}","templated":true}]}}