{"id":8507,"date":"2025-04-17T18:54:22","date_gmt":"2025-04-17T18:54:22","guid":{"rendered":"https:\/\/rr.unv-informacion.xyz\/?p=8507"},"modified":"2025-04-17T18:54:23","modified_gmt":"2025-04-17T18:54:23","slug":"joven-hace-pres4gi0-de-su-fin4l-en-colapso-en-jet-set","status":"publish","type":"post","link":"https:\/\/rr.unv-informacion.xyz\/?p=8507","title":{"rendered":"Joven hace pres4gi0 de su fin4l en colapso en Jet Set"},"content":{"rendered":"\n<p class=\"wp-block-paragraph\">La noche del colapso en Jet Set dej\u00f3 m\u00e1s que escombros y dolor: sell\u00f3 para siempre la historia de Luz Andrea Jim\u00e9nez Castiblanco, una colombiana de 42 a\u00f1os, quien hab\u00eda emigrado con la esperanza de un futuro mejor y termin\u00f3 convirti\u00e9ndose en una de las m\u00e1s de 220 v\u00edctimas de la tragedia que estremeci\u00f3 a Rep\u00fablica Dominicana el pasado lunes.<\/p>\n\n\n\n<p class=\"wp-block-paragraph\">Era una velada de m\u00fasica y alegr\u00eda, encabezada por el ic\u00f3nico merenguero Rubby P\u00e9rez. Pero el ambiente festivo se transform\u00f3 en segundos en una escena de desesperaci\u00f3n, cuando el techo del legendario centro nocturno cedi\u00f3 ante la multitud.<\/p>\n\n\n\n<p class=\"wp-block-paragraph\">Entre los seis ciudadanos colombianos que se encontraban en el lugar, solo uno no logr\u00f3 salir con vida: Luz Andrea.<\/p>\n\n\n\n<p class=\"wp-block-paragraph\">La identificaci\u00f3n de su cuerpo no fue inmediata. Sin documentos consigo, su nombre pudo conocerse gracias a allegados del novio dominicano, quien alert\u00f3 a las autoridades.<\/p>\n\n\n\n<p class=\"wp-block-paragraph\">Fue trasladada al Instituto Nacional de Ciencias Forenses (INACIF), donde se ejecutaron los protocolos legales correspondientes para su repatriaci\u00f3n.<\/p>\n\n\n\n<p class=\"wp-block-paragraph\">Desde Bogot\u00e1, su hermano Gonzalo Jim\u00e9nez comparti\u00f3 unas palabras que hoy resuenan como un eco de presagio: \u201cSe cumpli\u00f3 la profec\u00eda\u2026 las palabras tienen poder\u201d, recordando que en vida, Luz Andrea hab\u00eda mencionado que no volver\u00eda a Colombia.<\/p>\n\n\n\n<p class=\"wp-block-paragraph\">Migr\u00f3 llena de ilusiones, buscando estabilidad como esteticista, dejando atr\u00e1s su pa\u00eds pero nunca a su gente. Era una mujer de sonrisa constante, alma trabajadora y coraz\u00f3n valiente, as\u00ed la describen quienes la conocieron.<\/p>\n\n\n\n<p class=\"wp-block-paragraph\">El gobierno colombiano, a trav\u00e9s de su Canciller\u00eda, sali\u00f3 al frente de versiones imprecisas que circularon en redes sociales.<\/p>\n\n\n\n<p class=\"wp-block-paragraph\">Confirmaron que adem\u00e1s de Luz Andrea, solo dos colombianos resultaron heridos en el evento y actualmente reciben atenci\u00f3n m\u00e9dica y acompa\u00f1amiento consular.<\/p>\n\n\n\n<p class=\"wp-block-paragraph\">Este tr\u00e1gico evento ha calado hondo no solo en la memoria dominicana, sino tambi\u00e9n en otras naciones hermanas, donde muchas familias hoy lloran a sus seres queridos. Desde hoy, el nombre de Luz Andrea se suma a una lista que el pa\u00eds jam\u00e1s olvidar\u00e1.<\/p>\n\n\n\n<figure class=\"wp-block-image size-full\"><img loading=\"lazy\" decoding=\"async\" width=\"639\" height=\"879\" src=\"https:\/\/rr.unv-informacion.xyz\/wp-content\/uploads\/2025\/04\/489945511_9931729220210375_1140934578814045985_n.jpg\" alt=\"\" class=\"wp-image-8508\" srcset=\"https:\/\/rr.unv-informacion.xyz\/wp-content\/uploads\/2025\/04\/489945511_9931729220210375_1140934578814045985_n.jpg 639w, https:\/\/rr.unv-informacion.xyz\/wp-content\/uploads\/2025\/04\/489945511_9931729220210375_1140934578814045985_n-218x300.jpg 218w, https:\/\/rr.unv-informacion.xyz\/wp-content\/uploads\/2025\/04\/489945511_9931729220210375_1140934578814045985_n-305x420.jpg 305w\" sizes=\"auto, (max-width: 639px) 100vw, 639px\" \/><\/figure>\n\n\n\n<figure class=\"wp-block-image size-full\"><img loading=\"lazy\" decoding=\"async\" width=\"512\" height=\"640\" src=\"https:\/\/rr.unv-informacion.xyz\/wp-content\/uploads\/2025\/04\/490590464_122225834222209158_1357901263519638899_n.jpg\" alt=\"\" class=\"wp-image-8509\" srcset=\"https:\/\/rr.unv-informacion.xyz\/wp-content\/uploads\/2025\/04\/490590464_122225834222209158_1357901263519638899_n.jpg 512w, https:\/\/rr.unv-informacion.xyz\/wp-content\/uploads\/2025\/04\/490590464_122225834222209158_1357901263519638899_n-240x300.jpg 240w, https:\/\/rr.unv-informacion.xyz\/wp-content\/uploads\/2025\/04\/490590464_122225834222209158_1357901263519638899_n-336x420.jpg 336w\" sizes=\"auto, (max-width: 512px) 100vw, 512px\" \/><\/figure>\n\n\n\n<figure class=\"wp-block-image size-full\"><img loading=\"lazy\" decoding=\"async\" width=\"600\" height=\"455\" src=\"https:\/\/rr.unv-informacion.xyz\/wp-content\/uploads\/2025\/04\/67f89994598d2-1.jpg\" alt=\"\" class=\"wp-image-8510\" srcset=\"https:\/\/rr.unv-informacion.xyz\/wp-content\/uploads\/2025\/04\/67f89994598d2-1.jpg 600w, https:\/\/rr.unv-informacion.xyz\/wp-content\/uploads\/2025\/04\/67f89994598d2-1-300x228.jpg 300w, https:\/\/rr.unv-informacion.xyz\/wp-content\/uploads\/2025\/04\/67f89994598d2-1-554x420.jpg 554w, https:\/\/rr.unv-informacion.xyz\/wp-content\/uploads\/2025\/04\/67f89994598d2-1-80x60.jpg 80w, https:\/\/rr.unv-informacion.xyz\/wp-content\/uploads\/2025\/04\/67f89994598d2-1-100x75.jpg 100w\" sizes=\"auto, (max-width: 600px) 100vw, 600px\" \/><\/figure>\n\n\n\n<figure class=\"wp-block-embed is-type-video is-provider-youtube wp-block-embed-youtube wp-embed-aspect-16-9 wp-has-aspect-ratio\"><div class=\"wp-block-embed__wrapper\">\n<iframe loading=\"lazy\" title=\"Familiares de colombiana muerta en R. Dominicana no pueden viajar, deben reconocer el cuerpo.\" width=\"640\" height=\"360\" src=\"https:\/\/www.youtube.com\/embed\/e8fADQ8WOjo?feature=oembed\" frameborder=\"0\" allow=\"accelerometer; autoplay; clipboard-write; encrypted-media; gyroscope; picture-in-picture; web-share\" referrerpolicy=\"strict-origin-when-cross-origin\" allowfullscreen><\/iframe>\n<\/div><\/figure>\n","protected":false},"excerpt":{"rendered":"<p>La noche del colapso en Jet Set dej\u00f3 m\u00e1s que escombros y dolor: sell\u00f3 para siempre la historia de Luz Andrea Jim\u00e9nez Castiblanco, una colombiana de 42 a\u00f1os, quien hab\u00eda emigrado con la esperanza de un futuro mejor y termin\u00f3 convirti\u00e9ndose en una de las m\u00e1s de 220 v\u00edctimas de la tragedia que estremeci\u00f3 a [&hellip;]<\/p>\n","protected":false},"author":1,"featured_media":8508,"comment_status":"open","ping_status":"open","sticky":false,"template":"","format":"standard","meta":{"footnotes":""},"categories":[1],"tags":[],"class_list":["post-8507","post","type-post","status-publish","format-standard","has-post-thumbnail","hentry","category-uncategorized"],"_links":{"self":[{"href":"https:\/\/rr.unv-informacion.xyz\/index.php?rest_route=\/wp\/v2\/posts\/8507","targetHints":{"allow":["GET"]}}],"collection":[{"href":"https:\/\/rr.unv-informacion.xyz\/index.php?rest_route=\/wp\/v2\/posts"}],"about":[{"href":"https:\/\/rr.unv-informacion.xyz\/index.php?rest_route=\/wp\/v2\/types\/post"}],"author":[{"embeddable":true,"href":"https:\/\/rr.unv-informacion.xyz\/index.php?rest_route=\/wp\/v2\/users\/1"}],"replies":[{"embeddable":true,"href":"https:\/\/rr.unv-informacion.xyz\/index.php?rest_route=%2Fwp%2Fv2%2Fcomments&post=8507"}],"version-history":[{"count":1,"href":"https:\/\/rr.unv-informacion.xyz\/index.php?rest_route=\/wp\/v2\/posts\/8507\/revisions"}],"predecessor-version":[{"id":8511,"href":"https:\/\/rr.unv-informacion.xyz\/index.php?rest_route=\/wp\/v2\/posts\/8507\/revisions\/8511"}],"wp:featuredmedia":[{"embeddable":true,"href":"https:\/\/rr.unv-informacion.xyz\/index.php?rest_route=\/wp\/v2\/media\/8508"}],"wp:attachment":[{"href":"https:\/\/rr.unv-informacion.xyz\/index.php?rest_route=%2Fwp%2Fv2%2Fmedia&parent=8507"}],"wp:term":[{"taxonomy":"category","embeddable":true,"href":"https:\/\/rr.unv-informacion.xyz\/index.php?rest_route=%2Fwp%2Fv2%2Fcategories&post=8507"},{"taxonomy":"post_tag","embeddable":true,"href":"https:\/\/rr.unv-informacion.xyz\/index.php?rest_route=%2Fwp%2Fv2%2Ftags&post=8507"}],"curies":[{"name":"wp","href":"https:\/\/api.w.org\/{rel}","templated":true}]}}