{"id":8527,"date":"2025-04-18T17:42:11","date_gmt":"2025-04-18T17:42:11","guid":{"rendered":"https:\/\/rr.unv-informacion.xyz\/?p=8527"},"modified":"2025-04-18T17:42:11","modified_gmt":"2025-04-18T17:42:11","slug":"la-tora-arremete-contra-la-consul-dominicana-leidy-rosario-ultima-novia-de-rubby-perez","status":"publish","type":"post","link":"https:\/\/rr.unv-informacion.xyz\/?p=8527","title":{"rendered":"La Tora arremete contra la c\u00f3nsul dominicana Leidy Rosario ultima novia de Rubby P\u00e9rez"},"content":{"rendered":"\n<p class=\"wp-block-paragraph\">En medio de una creciente ola de comentarios y tensiones digitales, la comunicadora Claudia P\u00e9rez, conocida como La Tora, encendi\u00f3 nuevamente el debate p\u00fablico al emitir duras cr\u00edticas contra Leidy Rosario, actual c\u00f3nsul de la Rep\u00fablica Dominicana en Houston, Estados Unidos.<\/p>\n\n\n\n<p class=\"wp-block-paragraph\">Durante uno de sus espacios de opini\u00f3n, la pol\u00e9mica figura de los medios abord\u00f3 aspectos de la vida personal de Rosario, haciendo referencias directas a presuntos v\u00ednculos sentimentales con personalidades del \u00e1mbito pol\u00edtico y art\u00edstico dominicano, incluyendo al ingeniero Miguel Vargas Maldonado y al expresidente Hip\u00f3lito Mej\u00eda.<\/p>\n\n\n\n<p class=\"wp-block-paragraph\">Tambi\u00e9n se\u00f1al\u00f3 su relaci\u00f3n con el fallecido merenguero Rubby P\u00e9rez, quien recientemente fue una de las v\u00edctimas del colapso ocurrido en la discoteca Jet Set.<\/p>\n\n\n\n<p class=\"wp-block-paragraph\">\u201cNo pod\u00eda quedarme callada con esto\u201d, declar\u00f3 La Tora, con su estilo caracter\u00edstico, generando fuertes reacciones en redes sociales.<\/p>\n\n\n\n<p class=\"wp-block-paragraph\">\u201cLo que me da es pena, que t\u00fa seas la que represente\u2026 al pa\u00eds en el consulado de Houston\u201d, agreg\u00f3, en un discurso que r\u00e1pidamente se viraliz\u00f3.<\/p>\n\n\n\n<p class=\"wp-block-paragraph\">La figura de Rosario ha estado bajo el ojo p\u00fablico tras ser mencionada durante la misa de cuerpo presente de Rubby P\u00e9rez, donde su familia la reconoci\u00f3 como su compa\u00f1era sentimental en los \u00faltimos meses.<\/p>\n\n\n\n<p class=\"wp-block-paragraph\">Sin embargo, las acusaciones m\u00e1s recientes desataron una avalancha de comentarios divididos en plataformas digitales, que oscilan entre la defensa de su honor personal y la validaci\u00f3n del derecho de los ciudadanos a cuestionar a los representantes del servicio exterior.<\/p>\n\n\n\n<p class=\"wp-block-paragraph\">Desde entonces, la c\u00f3nsul no ha ofrecido respuesta alguna ante las declaraciones de P\u00e9rez, lo que ha intensificado las especulaciones.<\/p>\n\n\n\n<p class=\"wp-block-paragraph\">Algunas voces p\u00fablicas piden una reacci\u00f3n oficial para aclarar los se\u00f1alamientos, mientras otros sectores, especialmente del \u00e1mbito diplom\u00e1tico, insisten en que la vida privada no debe usarse como arma de descr\u00e9dito.<\/p>\n\n\n\n<p class=\"wp-block-paragraph\">En ese contexto, se reabre la discusi\u00f3n sobre los l\u00edmites de la libertad de expresi\u00f3n en la Rep\u00fablica Dominicana, especialmente cuando se trata de figuras del Estado que ocupan posiciones delicadas en el extranjero.<\/p>\n\n\n\n<p class=\"wp-block-paragraph\">Analistas del entorno pol\u00edtico y jur\u00eddico coinciden en que la cr\u00edtica debe enfocarse en el desempe\u00f1o institucional, sin recurrir a juicios personales carentes de respaldo legal.<\/p>\n\n\n\n<p class=\"wp-block-paragraph\">Hasta este momento, ninguna entidad oficial ha emitido pronunciamiento alguno en defensa o rechazo de las afirmaciones, manteni\u00e9ndose el caso en un terreno de pol\u00e9mica medi\u00e1tica.<\/p>\n\n\n<iframe loading=\"lazy\" src=\"https:\/\/www.facebook.com\/plugins\/video.php?href=https%3A%2F%2Fwww.facebook.com%2FBANLEOTV%2Fvideos%2F510438408667675%2F%3Fref%3Dembed_video&#038;show_text=0&#038;width=267\" width=\"267\" height=\"476\" style=\"border:none;overflow:hidden\" scrolling=\"no\" frameborder=\"0\" allowfullscreen=\"true\" allow=\"autoplay; clipboard-write; encrypted-media; picture-in-picture; web-share\" allowFullScreen=\"true\"><\/iframe>","protected":false},"excerpt":{"rendered":"<p>En medio de una creciente ola de comentarios y tensiones digitales, la comunicadora Claudia P\u00e9rez, conocida como La Tora, encendi\u00f3 nuevamente el debate p\u00fablico al emitir duras cr\u00edticas contra Leidy Rosario, actual c\u00f3nsul de la Rep\u00fablica Dominicana en Houston, Estados Unidos. Durante uno de sus espacios de opini\u00f3n, la pol\u00e9mica figura de los medios abord\u00f3 [&hellip;]<\/p>\n","protected":false},"author":1,"featured_media":8425,"comment_status":"open","ping_status":"open","sticky":false,"template":"","format":"standard","meta":{"footnotes":""},"categories":[1],"tags":[],"class_list":["post-8527","post","type-post","status-publish","format-standard","has-post-thumbnail","hentry","category-uncategorized"],"_links":{"self":[{"href":"https:\/\/rr.unv-informacion.xyz\/index.php?rest_route=\/wp\/v2\/posts\/8527","targetHints":{"allow":["GET"]}}],"collection":[{"href":"https:\/\/rr.unv-informacion.xyz\/index.php?rest_route=\/wp\/v2\/posts"}],"about":[{"href":"https:\/\/rr.unv-informacion.xyz\/index.php?rest_route=\/wp\/v2\/types\/post"}],"author":[{"embeddable":true,"href":"https:\/\/rr.unv-informacion.xyz\/index.php?rest_route=\/wp\/v2\/users\/1"}],"replies":[{"embeddable":true,"href":"https:\/\/rr.unv-informacion.xyz\/index.php?rest_route=%2Fwp%2Fv2%2Fcomments&post=8527"}],"version-history":[{"count":1,"href":"https:\/\/rr.unv-informacion.xyz\/index.php?rest_route=\/wp\/v2\/posts\/8527\/revisions"}],"predecessor-version":[{"id":8528,"href":"https:\/\/rr.unv-informacion.xyz\/index.php?rest_route=\/wp\/v2\/posts\/8527\/revisions\/8528"}],"wp:featuredmedia":[{"embeddable":true,"href":"https:\/\/rr.unv-informacion.xyz\/index.php?rest_route=\/wp\/v2\/media\/8425"}],"wp:attachment":[{"href":"https:\/\/rr.unv-informacion.xyz\/index.php?rest_route=%2Fwp%2Fv2%2Fmedia&parent=8527"}],"wp:term":[{"taxonomy":"category","embeddable":true,"href":"https:\/\/rr.unv-informacion.xyz\/index.php?rest_route=%2Fwp%2Fv2%2Fcategories&post=8527"},{"taxonomy":"post_tag","embeddable":true,"href":"https:\/\/rr.unv-informacion.xyz\/index.php?rest_route=%2Fwp%2Fv2%2Ftags&post=8527"}],"curies":[{"name":"wp","href":"https:\/\/api.w.org\/{rel}","templated":true}]}}