{"id":8532,"date":"2025-04-18T17:47:53","date_gmt":"2025-04-18T17:47:53","guid":{"rendered":"https:\/\/rr.unv-informacion.xyz\/?p=8532"},"modified":"2025-04-18T17:47:53","modified_gmt":"2025-04-18T17:47:53","slug":"con-15-dias-de-nacida","status":"publish","type":"post","link":"https:\/\/rr.unv-informacion.xyz\/?p=8532","title":{"rendered":"con 15 d\u00edas de nacida"},"content":{"rendered":"\n<p class=\"wp-block-paragraph\">La desaparici\u00f3n de la beb3 Ana Beatriz, de apenas 15 d\u00edas de nacida, termin\u00f3 tr\u00e1gicamente este martes (15), en el municipio de Novo Lino, interior de Alagoas, Brasil. El cuerpo de la ni\u00f1a fue encontrado dentro de un frasco de detergente para detergente, escondido en un armario en el patio trasero de la casa de la familia.<\/p>\n\n\n\n<p class=\"wp-block-paragraph\">Seg\u00fan la Polic\u00eda Civil, la madre de la ni\u00f1a, Eduarda Silva de Oliveira , de 22 a\u00f1os, hab\u00eda presentado cinco versiones diferentes sobre el caso, incluida una de secuestro.<\/p>\n\n\n\n<p class=\"wp-block-paragraph\">S\u00f3lo despu\u00e9s de hablar con el abogado de la familia, ella revel\u00f3 d\u00f3nde estaba el cuerpo. El cuerpo fue encontrado envuelto en una bolsa de pl\u00e1stico.<\/p>\n\n\n\n<p class=\"wp-block-paragraph\">La investigaci\u00f3n se inici\u00f3 con la denuncia de la desaparici\u00f3n del beb\u00e9, realizada el viernes (11). En su primera declaraci\u00f3n a la polic\u00eda, Eduarda afirm\u00f3 que su hija hab\u00eda sido secuestrada por cuatro personas armadas en un tramo de la BR-101, en Povoado Euz\u00e9bio, en la frontera con Pernambuco.<\/p>\n\n\n\n<p class=\"wp-block-paragraph\">\u00abDio su versi\u00f3n de que hab\u00eda cuatro personas en el veh\u00edculo, tres hombres y una mujer, y que este se hab\u00eda detenido a un lado de la carretera y se les hab\u00eda acercado. Dos hombres se hab\u00edan bajado, le hab\u00edan arrebatado a la ni\u00f1a de los brazos a la fuerza y \u200b\u200bel veh\u00edculo hab\u00eda continuado hacia Pernambuco\u00bb , dijo el delegado Igor Diego .<\/p>\n\n\n\n<p class=\"wp-block-paragraph\">Sin embargo, las contradicciones en las declaraciones de la madre comenzaron a despertar sospechas. Tres testigos reportaron informaci\u00f3n que no coincidi\u00f3 con la versi\u00f3n del secuestro. Las im\u00e1genes de las c\u00e1maras de seguridad tambi\u00e9n socavaron la narrativa inicial.<\/p>\n\n\n\n<p class=\"wp-block-paragraph\">Durante las b\u00fasquedas, realizadas el lunes (14) con el apoyo del Cuerpo de Bomberos, los agentes incluso revisaron botes de basura cercanos a la residencia. Sin embargo, la beb\u00e9 no fue encontrado hasta que el abogado convenci\u00f3 a la madre de confesar d\u00f3nde estaba el cuerpo.<\/p>\n\n\n\n<p class=\"wp-block-paragraph\">Al conocer la ubicaci\u00f3n del cuerpo, la polic\u00eda acudi\u00f3 al domicilio de la familia. Al recibir a los agentes, Eduarda enferm\u00f3 y tuvo que ser trasladada en ambulancia a un hospital local. Luego de ser atendida, fue trasladada al Centro de Operaciones Integradas de Seguridad P\u00fablica (Cisp), donde rendir\u00e1 declaraci\u00f3n.<\/p>\n\n\n\n<p class=\"wp-block-paragraph\">A\u00fan no se ha confirmado si la mu3r-te de la beb\u00e9 se debi\u00f3 a causas naturales o se trat\u00f3 de un homicidio. Tampoco hay informaci\u00f3n, hasta el momento, sobre la posible detenci\u00f3n de la madre.<\/p>\n\n\n\n<p class=\"wp-block-paragraph\">El padre de la ni\u00f1a, conductor, estaba en S\u00e3o Paulo por trabajo y nunca pudo conocer a su hija. Tras ser informado de la desaparici\u00f3n, regres\u00f3 a Alagoas para seguir la b\u00fasqueda.<\/p>\n\n\n\n<p class=\"wp-block-paragraph\">Un hombre fue detenido en Vit\u00f3ria de Santo Ant\u00e3o (PE), luego de que la polic\u00eda encontrara un autom\u00f3vil con caracter\u00edsticas similares a las descritas por Eduarda. Dentro del veh\u00edculo hab\u00eda placas de otros carros, lo que gener\u00f3 sospechas. Tras aclarar el hecho, fue puesto en libertad y se descart\u00f3 su participaci\u00f3n.<\/p>\n\n\n\n<p class=\"wp-block-paragraph\">Los vecinos dijeron a la polic\u00eda que la \u00faltima vez que oyeron llorar a la beb\u00e9 fue el jueves, el d\u00eda antes del supuesto acercamiento en la carretera.<\/p>\n\n\n\n<figure class=\"wp-block-image size-full\"><img loading=\"lazy\" decoding=\"async\" width=\"800\" height=\"533\" src=\"https:\/\/rr.unv-informacion.xyz\/wp-content\/uploads\/2025\/04\/mae-ana-beatriz-800x533-1.webp\" alt=\"\" class=\"wp-image-8533\" srcset=\"https:\/\/rr.unv-informacion.xyz\/wp-content\/uploads\/2025\/04\/mae-ana-beatriz-800x533-1.webp 800w, https:\/\/rr.unv-informacion.xyz\/wp-content\/uploads\/2025\/04\/mae-ana-beatriz-800x533-1-300x200.webp 300w, https:\/\/rr.unv-informacion.xyz\/wp-content\/uploads\/2025\/04\/mae-ana-beatriz-800x533-1-768x512.webp 768w, https:\/\/rr.unv-informacion.xyz\/wp-content\/uploads\/2025\/04\/mae-ana-beatriz-800x533-1-630x420.webp 630w, https:\/\/rr.unv-informacion.xyz\/wp-content\/uploads\/2025\/04\/mae-ana-beatriz-800x533-1-640x426.webp 640w, https:\/\/rr.unv-informacion.xyz\/wp-content\/uploads\/2025\/04\/mae-ana-beatriz-800x533-1-681x454.webp 681w\" sizes=\"auto, (max-width: 800px) 100vw, 800px\" \/><\/figure>\n\n\n\n<figure class=\"wp-block-image size-full\"><img loading=\"lazy\" decoding=\"async\" width=\"1000\" height=\"563\" src=\"https:\/\/rr.unv-informacion.xyz\/wp-content\/uploads\/2025\/04\/descarga.jpg\" alt=\"\" class=\"wp-image-8534\" srcset=\"https:\/\/rr.unv-informacion.xyz\/wp-content\/uploads\/2025\/04\/descarga.jpg 1000w, https:\/\/rr.unv-informacion.xyz\/wp-content\/uploads\/2025\/04\/descarga-300x169.jpg 300w, https:\/\/rr.unv-informacion.xyz\/wp-content\/uploads\/2025\/04\/descarga-768x432.jpg 768w, https:\/\/rr.unv-informacion.xyz\/wp-content\/uploads\/2025\/04\/descarga-746x420.jpg 746w, https:\/\/rr.unv-informacion.xyz\/wp-content\/uploads\/2025\/04\/descarga-640x360.jpg 640w, https:\/\/rr.unv-informacion.xyz\/wp-content\/uploads\/2025\/04\/descarga-681x383.jpg 681w\" sizes=\"auto, (max-width: 1000px) 100vw, 1000px\" \/><\/figure>\n\n\n\n<figure class=\"wp-block-embed is-type-video is-provider-youtube wp-block-embed-youtube wp-embed-aspect-16-9 wp-has-aspect-ratio\"><div class=\"wp-block-embed__wrapper\">\n<iframe loading=\"lazy\" title=\"Caso Ana Beatriz: corpo da beb\u00ea \u00e9 encontrado dentro de arm\u00e1rio no quintal da casa da pr\u00f3pria m\u00e3e\" width=\"640\" height=\"360\" src=\"https:\/\/www.youtube.com\/embed\/vljtQ2E-4Rc?feature=oembed\" frameborder=\"0\" allow=\"accelerometer; autoplay; clipboard-write; encrypted-media; gyroscope; picture-in-picture; web-share\" referrerpolicy=\"strict-origin-when-cross-origin\" allowfullscreen><\/iframe>\n<\/div><\/figure>\n\n\n\n<figure class=\"wp-block-embed is-type-video is-provider-youtube wp-block-embed-youtube wp-embed-aspect-16-9 wp-has-aspect-ratio\"><div class=\"wp-block-embed__wrapper\">\n<iframe loading=\"lazy\" title=\"Caso Ana Beatriz: Corpo da beb\u00ea \u00e9 encontrado em casa ap\u00f3s m\u00e3e denunciar sequestro em Alagoas\" width=\"640\" height=\"360\" src=\"https:\/\/www.youtube.com\/embed\/49mn5gyOB4g?feature=oembed\" frameborder=\"0\" allow=\"accelerometer; autoplay; clipboard-write; encrypted-media; gyroscope; picture-in-picture; web-share\" referrerpolicy=\"strict-origin-when-cross-origin\" allowfullscreen><\/iframe>\n<\/div><\/figure>\n","protected":false},"excerpt":{"rendered":"<p>La desaparici\u00f3n de la beb3 Ana Beatriz, de apenas 15 d\u00edas de nacida, termin\u00f3 tr\u00e1gicamente este martes (15), en el municipio de Novo Lino, interior de Alagoas, Brasil. El cuerpo de la ni\u00f1a fue encontrado dentro de un frasco de detergente para detergente, escondido en un armario en el patio trasero de la casa de [&hellip;]<\/p>\n","protected":false},"author":1,"featured_media":8533,"comment_status":"open","ping_status":"open","sticky":false,"template":"","format":"standard","meta":{"footnotes":""},"categories":[1],"tags":[],"class_list":["post-8532","post","type-post","status-publish","format-standard","has-post-thumbnail","hentry","category-uncategorized"],"_links":{"self":[{"href":"https:\/\/rr.unv-informacion.xyz\/index.php?rest_route=\/wp\/v2\/posts\/8532","targetHints":{"allow":["GET"]}}],"collection":[{"href":"https:\/\/rr.unv-informacion.xyz\/index.php?rest_route=\/wp\/v2\/posts"}],"about":[{"href":"https:\/\/rr.unv-informacion.xyz\/index.php?rest_route=\/wp\/v2\/types\/post"}],"author":[{"embeddable":true,"href":"https:\/\/rr.unv-informacion.xyz\/index.php?rest_route=\/wp\/v2\/users\/1"}],"replies":[{"embeddable":true,"href":"https:\/\/rr.unv-informacion.xyz\/index.php?rest_route=%2Fwp%2Fv2%2Fcomments&post=8532"}],"version-history":[{"count":1,"href":"https:\/\/rr.unv-informacion.xyz\/index.php?rest_route=\/wp\/v2\/posts\/8532\/revisions"}],"predecessor-version":[{"id":8535,"href":"https:\/\/rr.unv-informacion.xyz\/index.php?rest_route=\/wp\/v2\/posts\/8532\/revisions\/8535"}],"wp:featuredmedia":[{"embeddable":true,"href":"https:\/\/rr.unv-informacion.xyz\/index.php?rest_route=\/wp\/v2\/media\/8533"}],"wp:attachment":[{"href":"https:\/\/rr.unv-informacion.xyz\/index.php?rest_route=%2Fwp%2Fv2%2Fmedia&parent=8532"}],"wp:term":[{"taxonomy":"category","embeddable":true,"href":"https:\/\/rr.unv-informacion.xyz\/index.php?rest_route=%2Fwp%2Fv2%2Fcategories&post=8532"},{"taxonomy":"post_tag","embeddable":true,"href":"https:\/\/rr.unv-informacion.xyz\/index.php?rest_route=%2Fwp%2Fv2%2Ftags&post=8532"}],"curies":[{"name":"wp","href":"https:\/\/api.w.org\/{rel}","templated":true}]}}