{"id":8562,"date":"2025-04-20T19:23:25","date_gmt":"2025-04-20T19:23:25","guid":{"rendered":"https:\/\/rr.unv-informacion.xyz\/?p=8562"},"modified":"2025-04-20T19:23:25","modified_gmt":"2025-04-20T19:23:25","slug":"encuentran-al-nino-de-8-anos-sin-vid4","status":"publish","type":"post","link":"https:\/\/rr.unv-informacion.xyz\/?p=8562","title":{"rendered":"Encuentran al ni\u00f1o de 8 a\u00f1os sin vid4"},"content":{"rendered":"\n<p class=\"wp-block-paragraph\">Rep\u00fablica Dominicana, Ni\u00f1o de 8 a\u00f1os es hallado muerto en matorrales tras desaparecer el Viernes Santo en Villa Fundaci\u00f3n.<\/p>\n\n\n\n<p class=\"wp-block-paragraph\">SAN CRIST\u00d3BAL, Rep\u00fablica Dominicana.\u2013 Un hecho tr\u00e1gico ha conmovido profundamente a los residentes de Villa Fundaci\u00f3n, en la provincia de San Crist\u00f3bal, tras confirmarse el hallazgo sin vida de un ni\u00f1o de ocho a\u00f1os que hab\u00eda sido reportado como desaparecido desde el pasado Viernes Santo.<\/p>\n\n\n\n<p class=\"wp-block-paragraph\">De acuerdo con informaciones preliminares, el cuerpo del menor fue encontrado en unos matorrales ubicados en la comunidad de Niza, en la carretera que conduce hacia Playa Najayo.<\/p>\n\n\n\n<p class=\"wp-block-paragraph\">La noticia ha generado consternaci\u00f3n en toda la localidad, que exige respuestas sobre las circunstancias de su desaparici\u00f3n y posterior fallecimiento.<\/p>\n\n\n\n<p class=\"wp-block-paragraph\">Seg\u00fan versiones difundidas en redes sociales, el menor habr\u00eda sido visto por \u00faltima vez siendo llevado por un hombre a bordo de una motocicleta, presuntamente oriundo de la comunidad de Villaga.<\/p>\n\n\n\n<p class=\"wp-block-paragraph\">Estas afirmaciones se basan en un video que circula ampliamente en plataformas digitales, donde se observa al ni\u00f1o en compa\u00f1\u00eda del individuo se\u00f1alado, aunque se espera las autoridades confirmen la autenticidad de dicho material audiovisual.<\/p>\n\n\n\n<p class=\"wp-block-paragraph\">El ni\u00f1o era conocido por presentar dificultades en el habla, y era hijo de una mujer identificada como Marlenis, y de un hombre apodado Papo. Ambos residen en los refugios Alfa-04, del sector Villa Fundaci\u00f3n.<\/p>\n\n\n\n<p class=\"wp-block-paragraph\">familia, devastada por la tr\u00e1gica noticia, clama justicia y espera que las autoridades puedan dar con los responsables del hecho.<\/p>\n\n\n\n<p class=\"wp-block-paragraph\">Hasta el momento, no se han ofrecido detalles oficiales sobre la causa exacta de la muerte del menor ni sobre posibles sospechosos detenidos en relaci\u00f3n con el caso.<\/p>\n\n\n\n<p class=\"wp-block-paragraph\">Sin embargo, las autoridades han iniciado una investigaci\u00f3n para esclarecer completamente lo sucedido. Se ha informado que el peque\u00f1o habr\u00eda sido v\u00edctima de abuso.<\/p>\n\n\n\n<p class=\"wp-block-paragraph\">La comunidad ha manifestado su preocupaci\u00f3n y dolor por lo ocurrido, solicitando mayor vigilancia y acci\u00f3n por parte de las autoridades competentes para evitar que hechos similares vuelvan a repetirse. Asimismo, se hace un llamado a cualquier persona que tenga informaci\u00f3n relevante sobre el caso para que colabore con las autoridades a fin de avanzar en el proceso investigativo.<\/p>\n\n\n\n<p class=\"wp-block-paragraph\">Este lamentable suceso pone nuevamente en el centro del debate la seguridad infantil y la necesidad de fortalecer los mecanismos de protecci\u00f3n a menores en zonas vulnerables del pa\u00eds.<\/p>\n\n\n\n<figure class=\"wp-block-image size-full\"><img loading=\"lazy\" decoding=\"async\" width=\"282\" height=\"311\" src=\"https:\/\/rr.unv-informacion.xyz\/wp-content\/uploads\/2025\/04\/IMG_0792.jpg\" alt=\"\" class=\"wp-image-8563\" srcset=\"https:\/\/rr.unv-informacion.xyz\/wp-content\/uploads\/2025\/04\/IMG_0792.jpg 282w, https:\/\/rr.unv-informacion.xyz\/wp-content\/uploads\/2025\/04\/IMG_0792-272x300.jpg 272w\" sizes=\"auto, (max-width: 282px) 100vw, 282px\" \/><\/figure>\n\n\n\n<figure class=\"wp-block-image size-full\"><img loading=\"lazy\" decoding=\"async\" width=\"559\" height=\"600\" src=\"https:\/\/rr.unv-informacion.xyz\/wp-content\/uploads\/2025\/04\/IMG_0791.jpg\" alt=\"\" class=\"wp-image-8564\" srcset=\"https:\/\/rr.unv-informacion.xyz\/wp-content\/uploads\/2025\/04\/IMG_0791.jpg 559w, https:\/\/rr.unv-informacion.xyz\/wp-content\/uploads\/2025\/04\/IMG_0791-280x300.jpg 280w, https:\/\/rr.unv-informacion.xyz\/wp-content\/uploads\/2025\/04\/IMG_0791-391x420.jpg 391w\" sizes=\"auto, (max-width: 559px) 100vw, 559px\" \/><\/figure>\n\n\n\n<figure class=\"wp-block-embed is-type-video is-provider-youtube wp-block-embed-youtube wp-embed-aspect-4-3 wp-has-aspect-ratio\"><div class=\"wp-block-embed__wrapper\">\n<iframe loading=\"lazy\" title=\"Roba ni\u00f1o en sancritobal\" width=\"640\" height=\"480\" src=\"https:\/\/www.youtube.com\/embed\/CGc1kiYULsY?feature=oembed\" frameborder=\"0\" allow=\"accelerometer; autoplay; clipboard-write; encrypted-media; gyroscope; picture-in-picture; web-share\" referrerpolicy=\"strict-origin-when-cross-origin\" allowfullscreen><\/iframe>\n<\/div><\/figure>\n","protected":false},"excerpt":{"rendered":"<p>Rep\u00fablica Dominicana, Ni\u00f1o de 8 a\u00f1os es hallado muerto en matorrales tras desaparecer el Viernes Santo en Villa Fundaci\u00f3n. SAN CRIST\u00d3BAL, Rep\u00fablica Dominicana.\u2013 Un hecho tr\u00e1gico ha conmovido profundamente a los residentes de Villa Fundaci\u00f3n, en la provincia de San Crist\u00f3bal, tras confirmarse el hallazgo sin vida de un ni\u00f1o de ocho a\u00f1os que hab\u00eda [&hellip;]<\/p>\n","protected":false},"author":1,"featured_media":8564,"comment_status":"open","ping_status":"open","sticky":false,"template":"","format":"standard","meta":{"footnotes":""},"categories":[1],"tags":[],"class_list":["post-8562","post","type-post","status-publish","format-standard","has-post-thumbnail","hentry","category-uncategorized"],"_links":{"self":[{"href":"https:\/\/rr.unv-informacion.xyz\/index.php?rest_route=\/wp\/v2\/posts\/8562","targetHints":{"allow":["GET"]}}],"collection":[{"href":"https:\/\/rr.unv-informacion.xyz\/index.php?rest_route=\/wp\/v2\/posts"}],"about":[{"href":"https:\/\/rr.unv-informacion.xyz\/index.php?rest_route=\/wp\/v2\/types\/post"}],"author":[{"embeddable":true,"href":"https:\/\/rr.unv-informacion.xyz\/index.php?rest_route=\/wp\/v2\/users\/1"}],"replies":[{"embeddable":true,"href":"https:\/\/rr.unv-informacion.xyz\/index.php?rest_route=%2Fwp%2Fv2%2Fcomments&post=8562"}],"version-history":[{"count":1,"href":"https:\/\/rr.unv-informacion.xyz\/index.php?rest_route=\/wp\/v2\/posts\/8562\/revisions"}],"predecessor-version":[{"id":8565,"href":"https:\/\/rr.unv-informacion.xyz\/index.php?rest_route=\/wp\/v2\/posts\/8562\/revisions\/8565"}],"wp:featuredmedia":[{"embeddable":true,"href":"https:\/\/rr.unv-informacion.xyz\/index.php?rest_route=\/wp\/v2\/media\/8564"}],"wp:attachment":[{"href":"https:\/\/rr.unv-informacion.xyz\/index.php?rest_route=%2Fwp%2Fv2%2Fmedia&parent=8562"}],"wp:term":[{"taxonomy":"category","embeddable":true,"href":"https:\/\/rr.unv-informacion.xyz\/index.php?rest_route=%2Fwp%2Fv2%2Fcategories&post=8562"},{"taxonomy":"post_tag","embeddable":true,"href":"https:\/\/rr.unv-informacion.xyz\/index.php?rest_route=%2Fwp%2Fv2%2Ftags&post=8562"}],"curies":[{"name":"wp","href":"https:\/\/api.w.org\/{rel}","templated":true}]}}