{"id":8566,"date":"2025-04-20T19:29:02","date_gmt":"2025-04-20T19:29:02","guid":{"rendered":"https:\/\/rr.unv-informacion.xyz\/?p=8566"},"modified":"2025-04-20T19:29:02","modified_gmt":"2025-04-20T19:29:02","slug":"nieto-de-rubby-perez-le-rinde-homenaje-con-su-debut-musical","status":"publish","type":"post","link":"https:\/\/rr.unv-informacion.xyz\/?p=8566","title":{"rendered":"Nieto de Rubby P\u00e9rez le rinde homenaje con su debut musical"},"content":{"rendered":"\n<p class=\"wp-block-paragraph\">En medio del luto y con una carga emocional que trasciende las palabras, Ian Marco, nieto del ic\u00f3nico merenguero Rubby P\u00e9rez, ha decidido no postergar el sue\u00f1o que ven\u00eda forjando desde hace meses: su primer lanzamiento musical ver\u00e1 la luz este viernes 19 de abril, justo como fue planificado antes del tr\u00e1gico evento que enlut\u00f3 a su familia.<\/p>\n\n\n\n<p class=\"wp-block-paragraph\">La sangre musical de los P\u00e9rez no se detiene, ni siquiera ante el dolor. A trav\u00e9s de su cuenta de Instagram, Ian revel\u00f3 que la fecha del estreno estaba fijada desde hace tiempo: \u201cComo pueden ver en varios posts anteriores en mi Instagram, hab\u00edamos seleccionado el 19 de abril como la fecha para el lanzamiento de mi primera producci\u00f3n musical. Todo fue programado en las plataformas con meses de antelaci\u00f3n.\u201d<\/p>\n\n\n\n<p class=\"wp-block-paragraph\">La p\u00e9rdida de su abuelo, leyenda indiscutible del merengue dominicano, sacudi\u00f3 las emociones de Ian y su familia, pero lejos de frenar su impulso creativo, decidi\u00f3 transformar ese dolor en una ofrenda musical, un gesto \u00edntimo y poderoso para honrar la memoria de quien lo inspir\u00f3 a seguir este camino.<\/p>\n\n\n\n<p class=\"wp-block-paragraph\">\u201cDebido a las circunstancias, estuve debatiendo sobre si hablar del tema o no, y despu\u00e9s de pensarlo durante varios d\u00edas, siento que la mejor manera de honrar la memoria de mi abuelo es haciendo lo que nuestra familia sabe hacer: m\u00fasica para curar el alma.\u201d<\/p>\n\n\n\n<p class=\"wp-block-paragraph\">La decisi\u00f3n de continuar con el lanzamiento ha sido recibida con respeto y admiraci\u00f3n por parte de sus seguidores, quienes han expresado su respaldo en redes sociales, comprendiendo que este debut tiene un nuevo sentido: ya no solo marca el inicio de una carrera, sino que tambi\u00e9n se convierte en un acto de amor y permanencia.<\/p>\n\n\n\n<p class=\"wp-block-paragraph\">Con un mensaje lleno de gratitud y sinceridad, Ian Marco concluy\u00f3 su anuncio diciendo: \u201cPor esta raz\u00f3n, continuaremos con la fecha prevista.<\/p>\n\n\n\n<p class=\"wp-block-paragraph\">Espero que disfruten la m\u00fasica que prepar\u00e9 para ustedes con todo mi coraz\u00f3n.\u201d Desde hoy, el apellido P\u00e9rez vuelve a resonar en la escena musical dominicana, con una nueva voz que lleva en su timbre la herencia de un legado inmortal.<\/p>\n\n\n<iframe loading=\"lazy\" src=\"https:\/\/www.facebook.com\/plugins\/video.php?href=https%3A%2F%2Fwww.facebook.com%2FBANLEOTV%2Fvideos%2F528891236943566%2F%3Fref%3Dembed_video&#038;show_text=0&#038;width=380\" width=\"380\" height=\"476\" style=\"border:none;overflow:hidden\" scrolling=\"no\" frameborder=\"0\" allowfullscreen=\"true\" allow=\"autoplay; clipboard-write; encrypted-media; picture-in-picture; web-share\" allowFullScreen=\"true\"><\/iframe>","protected":false},"excerpt":{"rendered":"<p>En medio del luto y con una carga emocional que trasciende las palabras, Ian Marco, nieto del ic\u00f3nico merenguero Rubby P\u00e9rez, ha decidido no postergar el sue\u00f1o que ven\u00eda forjando desde hace meses: su primer lanzamiento musical ver\u00e1 la luz este viernes 19 de abril, justo como fue planificado antes del tr\u00e1gico evento que enlut\u00f3 [&hellip;]<\/p>\n","protected":false},"author":1,"featured_media":8567,"comment_status":"open","ping_status":"open","sticky":false,"template":"","format":"standard","meta":{"footnotes":""},"categories":[1],"tags":[],"class_list":["post-8566","post","type-post","status-publish","format-standard","has-post-thumbnail","hentry","category-uncategorized"],"_links":{"self":[{"href":"https:\/\/rr.unv-informacion.xyz\/index.php?rest_route=\/wp\/v2\/posts\/8566","targetHints":{"allow":["GET"]}}],"collection":[{"href":"https:\/\/rr.unv-informacion.xyz\/index.php?rest_route=\/wp\/v2\/posts"}],"about":[{"href":"https:\/\/rr.unv-informacion.xyz\/index.php?rest_route=\/wp\/v2\/types\/post"}],"author":[{"embeddable":true,"href":"https:\/\/rr.unv-informacion.xyz\/index.php?rest_route=\/wp\/v2\/users\/1"}],"replies":[{"embeddable":true,"href":"https:\/\/rr.unv-informacion.xyz\/index.php?rest_route=%2Fwp%2Fv2%2Fcomments&post=8566"}],"version-history":[{"count":1,"href":"https:\/\/rr.unv-informacion.xyz\/index.php?rest_route=\/wp\/v2\/posts\/8566\/revisions"}],"predecessor-version":[{"id":8568,"href":"https:\/\/rr.unv-informacion.xyz\/index.php?rest_route=\/wp\/v2\/posts\/8566\/revisions\/8568"}],"wp:featuredmedia":[{"embeddable":true,"href":"https:\/\/rr.unv-informacion.xyz\/index.php?rest_route=\/wp\/v2\/media\/8567"}],"wp:attachment":[{"href":"https:\/\/rr.unv-informacion.xyz\/index.php?rest_route=%2Fwp%2Fv2%2Fmedia&parent=8566"}],"wp:term":[{"taxonomy":"category","embeddable":true,"href":"https:\/\/rr.unv-informacion.xyz\/index.php?rest_route=%2Fwp%2Fv2%2Fcategories&post=8566"},{"taxonomy":"post_tag","embeddable":true,"href":"https:\/\/rr.unv-informacion.xyz\/index.php?rest_route=%2Fwp%2Fv2%2Ftags&post=8566"}],"curies":[{"name":"wp","href":"https:\/\/api.w.org\/{rel}","templated":true}]}}