{"id":8569,"date":"2025-04-20T19:31:39","date_gmt":"2025-04-20T19:31:39","guid":{"rendered":"https:\/\/rr.unv-informacion.xyz\/?p=8569"},"modified":"2025-04-20T19:31:39","modified_gmt":"2025-04-20T19:31:39","slug":"el-pacha-no-se-guardo-nada-tras-ver-a-el-alfa-levantando-motores-en-las-terrenas","status":"publish","type":"post","link":"https:\/\/rr.unv-informacion.xyz\/?p=8569","title":{"rendered":"El Pach\u00e1 no se guardo nada tras ver a El Alfa levantando motores en Las Terrenas"},"content":{"rendered":"\n<p class=\"wp-block-paragraph\">En un nuevo episodio que ha generado controversia, el popular artista urbano El Alfa fue captado en un video realizando maniobras peligrosas con motocicletas en las calles de Las Terrenas.<\/p>\n\n\n\n<p class=\"wp-block-paragraph\">La escena, registrada en redes sociales, muestra al cantante junto a un grupo de amigos mientras realizan una imprudente exhibici\u00f3n con motos, lo que ha desatado una ola de cr\u00edticas.<\/p>\n\n\n\n<p class=\"wp-block-paragraph\">Uno de los primeros en pronunciarse sobre este comportamiento fue el reconocido comunicador y presentador de televisi\u00f3n, El Pach\u00e1, quien, visiblemente preocupado, expres\u00f3 su desaprobaci\u00f3n en su programa P\u00e9gate y Gana con el Pach\u00e1.<\/p>\n\n\n\n<p class=\"wp-block-paragraph\">\u201cUsted no est\u00e1 para eso\u201d, manifest\u00f3 El Pach\u00e1, dirigi\u00e9ndose a El Alfa, a quien le hizo un llamado a la reflexi\u00f3n. En un tono serio, insisti\u00f3 en que, dada la situaci\u00f3n del pa\u00eds y el luto que se vive por el tr\u00e1gico incidente en la discoteca Jet Set, El Alfa deber\u00eda \u00abubicarse\u00bb y pasar m\u00e1s tiempo en su hogar, rodeado de su familia.<\/p>\n\n\n\n<p class=\"wp-block-paragraph\">A lo largo de su intervenci\u00f3n, El Pach\u00e1 se\u00f1al\u00f3 que El Alfa, como figura p\u00fablica, tiene una responsabilidad mayor, no solo con su imagen, sino tambi\u00e9n con sus seguidores.<\/p>\n\n\n\n<p class=\"wp-block-paragraph\">\u201cEstamos en duelo, hermano, estamos en duelo. Vamos a ubicarnos\u201d, dijo el comunicador, pidiendo al artista que dejara de lado comportamientos riesgosos y se enfocara en su rol como referente de muchos j\u00f3venes.<\/p>\n\n\n\n<p class=\"wp-block-paragraph\">El incidente ha generado bastante ruido en las redes, donde muchos usuarios consideran inapropiado que El Alfa, un referente de la m\u00fasica urbana, participe en actividades que no solo violan la ley de tr\u00e1nsito, sino que tambi\u00e9n env\u00edan un mensaje negativo a sus seguidores.<\/p>\n\n\n\n<p class=\"wp-block-paragraph\">La situaci\u00f3n ha escalado r\u00e1pidamente, con algunos medios informando sobre posibles acciones legales, debido a la violaci\u00f3n de las normas de tr\u00e1nsito.<\/p>\n\n\n\n<p class=\"wp-block-paragraph\">En su defensa, El Alfa a\u00fan no ha emitido una declaraci\u00f3n p\u00fablica sobre lo ocurrido. Sin embargo, los seguidores del artista contin\u00faan divididos: algunos defienden su derecho a divertirse y desestigmatizan el uso de motocicletas en actividades recreativas, mientras que otros coinciden con las voces cr\u00edticas que piden un comportamiento m\u00e1s ejemplar.<\/p>\n\n\n\n<p class=\"wp-block-paragraph\">Por lo pronto, el caso sigue siendo tema de conversaci\u00f3n, y se espera que El Alfa, uno de los artistas m\u00e1s influyentes del g\u00e9nero urbano, se pronuncie pronto para aclarar su postura frente a la pol\u00e9mica.<\/p>\n\n\n<iframe loading=\"lazy\" src=\"https:\/\/www.facebook.com\/plugins\/video.php?href=https%3A%2F%2Fwww.facebook.com%2FBANLEOTV%2Fvideos%2F2213277672423472%2F%3Fref%3Dembed_video&#038;show_text=0&#038;width=380\" width=\"380\" height=\"476\" style=\"border:none;overflow:hidden\" scrolling=\"no\" frameborder=\"0\" allowfullscreen=\"true\" allow=\"autoplay; clipboard-write; encrypted-media; picture-in-picture; web-share\" allowFullScreen=\"true\"><\/iframe>","protected":false},"excerpt":{"rendered":"<p>En un nuevo episodio que ha generado controversia, el popular artista urbano El Alfa fue captado en un video realizando maniobras peligrosas con motocicletas en las calles de Las Terrenas. La escena, registrada en redes sociales, muestra al cantante junto a un grupo de amigos mientras realizan una imprudente exhibici\u00f3n con motos, lo que ha [&hellip;]<\/p>\n","protected":false},"author":1,"featured_media":8570,"comment_status":"open","ping_status":"open","sticky":false,"template":"","format":"standard","meta":{"footnotes":""},"categories":[1],"tags":[],"class_list":["post-8569","post","type-post","status-publish","format-standard","has-post-thumbnail","hentry","category-uncategorized"],"_links":{"self":[{"href":"https:\/\/rr.unv-informacion.xyz\/index.php?rest_route=\/wp\/v2\/posts\/8569","targetHints":{"allow":["GET"]}}],"collection":[{"href":"https:\/\/rr.unv-informacion.xyz\/index.php?rest_route=\/wp\/v2\/posts"}],"about":[{"href":"https:\/\/rr.unv-informacion.xyz\/index.php?rest_route=\/wp\/v2\/types\/post"}],"author":[{"embeddable":true,"href":"https:\/\/rr.unv-informacion.xyz\/index.php?rest_route=\/wp\/v2\/users\/1"}],"replies":[{"embeddable":true,"href":"https:\/\/rr.unv-informacion.xyz\/index.php?rest_route=%2Fwp%2Fv2%2Fcomments&post=8569"}],"version-history":[{"count":1,"href":"https:\/\/rr.unv-informacion.xyz\/index.php?rest_route=\/wp\/v2\/posts\/8569\/revisions"}],"predecessor-version":[{"id":8571,"href":"https:\/\/rr.unv-informacion.xyz\/index.php?rest_route=\/wp\/v2\/posts\/8569\/revisions\/8571"}],"wp:featuredmedia":[{"embeddable":true,"href":"https:\/\/rr.unv-informacion.xyz\/index.php?rest_route=\/wp\/v2\/media\/8570"}],"wp:attachment":[{"href":"https:\/\/rr.unv-informacion.xyz\/index.php?rest_route=%2Fwp%2Fv2%2Fmedia&parent=8569"}],"wp:term":[{"taxonomy":"category","embeddable":true,"href":"https:\/\/rr.unv-informacion.xyz\/index.php?rest_route=%2Fwp%2Fv2%2Fcategories&post=8569"},{"taxonomy":"post_tag","embeddable":true,"href":"https:\/\/rr.unv-informacion.xyz\/index.php?rest_route=%2Fwp%2Fv2%2Ftags&post=8569"}],"curies":[{"name":"wp","href":"https:\/\/api.w.org\/{rel}","templated":true}]}}