{"id":8580,"date":"2025-04-21T15:43:22","date_gmt":"2025-04-21T15:43:22","guid":{"rendered":"https:\/\/rr.unv-informacion.xyz\/?p=8580"},"modified":"2025-04-21T15:43:22","modified_gmt":"2025-04-21T15:43:22","slug":"padres-del-nino-desaparecid0-en-jarabacoa-hablan-y-cuentan-todo","status":"publish","type":"post","link":"https:\/\/rr.unv-informacion.xyz\/?p=8580","title":{"rendered":"Padres del ni\u00f1o desaparecid0 en jarabacoa hablan y cuentan todo"},"content":{"rendered":"\n<p class=\"wp-block-paragraph\">JARABACOA.- Republica Dominicana La Polic\u00eda Nacional y el Ministerio P\u00fablico arrestaron este s\u00e1bado a Carolina Vargas Ure\u00f1a, madre del ni\u00f1o Roldanis Calder\u00f3n, desaparecido desde el pasado domingo en el distrito municipal de Manabao, Jarabacoa, provincia La Vega. Durante el arresto, Vargas Ure\u00f1a expres\u00f3 su angustia mientras era trasladada a una patrulla policial.<\/p>\n\n\n\n<p class=\"wp-block-paragraph\">\u00abRoberto, me vienen a quitar la ni\u00f1a y me tienen esposada. No dejes que me lleven\u00bb, exclam\u00f3 en presencia de los agentes.<\/p>\n\n\n\n<p class=\"wp-block-paragraph\">Jarabacoa, Rep\u00fablica Dominicana. En medio de un operativo llevado a cabo por las autoridades en la localidad, la magistrada encargada del caso se limit\u00f3 a afirmar que \u201csolo est\u00e1 haciendo su trabajo\u201d, sin ofrecer mayores detalles sobre la intervenci\u00f3n ni sobre las acciones espec\u00edficas realizadas durante el allanamiento.<\/p>\n\n\n\n<p class=\"wp-block-paragraph\">Seg\u00fan inform0 un vecino de la familia involucrada, el Ministerio P\u00fablico tambi\u00e9n habr\u00eda retirado a una ni\u00f1a que resid\u00eda con sus abuelos. El testimonio indica que, durante el procedimiento, los agentes habr\u00edan derribado a los adultos mayores en el proceso de llevarse a la menor, lo que ha generado preocupaci\u00f3n en la comunidad por la forma en que se desarrollaron los hechos.<\/p>\n\n\n\n<p class=\"wp-block-paragraph\">Por su parte, el abogado de la familia explic\u00f3 que las autoridades realizaron un allanamiento en la vivienda de los padres del ni\u00f10 Roldanis, quien se encuentra desaparecido desde hace varios d\u00edas. Adem\u00e1s, se\u00f1al\u00f3 que las autoridades tambi\u00e9n se llevaron a la hermana del menor para someterla a evaluaciones m\u00e9dicas y psicol\u00f3gicas, en un intento por esclarecer los hechos.<\/p>\n\n\n\n<p class=\"wp-block-paragraph\">Los detenidos, seg\u00fan informaron, fueron trasladados a la Fiscal\u00eda de Jarabacoa, donde se encuentran bajo investigaci\u00f3n. La comunidad y los familiares del ni\u00f1o mantienen la expectativa ante la poca informaci\u00f3n oficial y expresan su preocupaci\u00f3n por la manera en que se ha llevado a cabo el procedimiento, as\u00ed como por el bienestar de los menores involucrados .Hasta el momento, las autoridades no han emitido un comunicado oficial que explique en detalle los motivos y el alcance del operativo, dejando a la ciudadan\u00eda a la espera de m\u00e1s informaci\u00f3n en medio de un clima de incertidumbre y expectativa.<\/p>\n\n\n\n<p class=\"wp-block-paragraph\">Momento en el que la madre y el padre del peque\u00f1o le cuentan todo al joven de la vega mundial<\/p>\n\n\n<iframe loading=\"lazy\" src=\"https:\/\/www.facebook.com\/plugins\/video.php?href=https%3A%2F%2Fwww.facebook.com%2Flavegamundial%2Fvideos%2F1865688944167932%2F%3Fref%3Dembed_video&#038;show_text=0&#038;width=476\" width=\"476\" height=\"476\" style=\"border:none;overflow:hidden\" scrolling=\"no\" frameborder=\"0\" allowfullscreen=\"true\" allow=\"autoplay; clipboard-write; encrypted-media; picture-in-picture; web-share\" allowFullScreen=\"true\"><\/iframe>","protected":false},"excerpt":{"rendered":"<p>JARABACOA.- Republica Dominicana La Polic\u00eda Nacional y el Ministerio P\u00fablico arrestaron este s\u00e1bado a Carolina Vargas Ure\u00f1a, madre del ni\u00f1o Roldanis Calder\u00f3n, desaparecido desde el pasado domingo en el distrito municipal de Manabao, Jarabacoa, provincia La Vega. Durante el arresto, Vargas Ure\u00f1a expres\u00f3 su angustia mientras era trasladada a una patrulla policial. \u00abRoberto, me vienen [&hellip;]<\/p>\n","protected":false},"author":1,"featured_media":8581,"comment_status":"open","ping_status":"open","sticky":false,"template":"","format":"standard","meta":{"footnotes":""},"categories":[1],"tags":[],"class_list":["post-8580","post","type-post","status-publish","format-standard","has-post-thumbnail","hentry","category-uncategorized"],"_links":{"self":[{"href":"https:\/\/rr.unv-informacion.xyz\/index.php?rest_route=\/wp\/v2\/posts\/8580","targetHints":{"allow":["GET"]}}],"collection":[{"href":"https:\/\/rr.unv-informacion.xyz\/index.php?rest_route=\/wp\/v2\/posts"}],"about":[{"href":"https:\/\/rr.unv-informacion.xyz\/index.php?rest_route=\/wp\/v2\/types\/post"}],"author":[{"embeddable":true,"href":"https:\/\/rr.unv-informacion.xyz\/index.php?rest_route=\/wp\/v2\/users\/1"}],"replies":[{"embeddable":true,"href":"https:\/\/rr.unv-informacion.xyz\/index.php?rest_route=%2Fwp%2Fv2%2Fcomments&post=8580"}],"version-history":[{"count":1,"href":"https:\/\/rr.unv-informacion.xyz\/index.php?rest_route=\/wp\/v2\/posts\/8580\/revisions"}],"predecessor-version":[{"id":8582,"href":"https:\/\/rr.unv-informacion.xyz\/index.php?rest_route=\/wp\/v2\/posts\/8580\/revisions\/8582"}],"wp:featuredmedia":[{"embeddable":true,"href":"https:\/\/rr.unv-informacion.xyz\/index.php?rest_route=\/wp\/v2\/media\/8581"}],"wp:attachment":[{"href":"https:\/\/rr.unv-informacion.xyz\/index.php?rest_route=%2Fwp%2Fv2%2Fmedia&parent=8580"}],"wp:term":[{"taxonomy":"category","embeddable":true,"href":"https:\/\/rr.unv-informacion.xyz\/index.php?rest_route=%2Fwp%2Fv2%2Fcategories&post=8580"},{"taxonomy":"post_tag","embeddable":true,"href":"https:\/\/rr.unv-informacion.xyz\/index.php?rest_route=%2Fwp%2Fv2%2Ftags&post=8580"}],"curies":[{"name":"wp","href":"https:\/\/api.w.org\/{rel}","templated":true}]}}