{"id":8586,"date":"2025-04-21T15:48:54","date_gmt":"2025-04-21T15:48:54","guid":{"rendered":"https:\/\/rr.unv-informacion.xyz\/?p=8586"},"modified":"2025-04-21T15:48:54","modified_gmt":"2025-04-21T15:48:54","slug":"padres-del-pequenito-de-jarabacoa-rompen-el-silencio","status":"publish","type":"post","link":"https:\/\/rr.unv-informacion.xyz\/?p=8586","title":{"rendered":"Padres del peque\u00f1ito de Jarabacoa rompen el silencio"},"content":{"rendered":"\n<p class=\"wp-block-paragraph\">Republica Dominicana, Manabao, Jarabacoa. \u00abYo estaba aqu\u00ed sentada, y de repente ya no lo vi m\u00e1s\u00bb. Estas palabras desgarradoras fueron pronunciadas entre l\u00e1grimas por Carolina, madre del ni\u00f1o Roldani Calder\u00f3n, mientras mostraba el lugar exacto donde, seg\u00fan afirma, desapareci\u00f3 misteriosamente el peque\u00f1o hace veinte d\u00edas, mientras compart\u00edan en familia en la comunidad Los Tablones, Manabao.<\/p>\n\n\n\n<p class=\"wp-block-paragraph\">En una entrevista exclusiva concedida al comunicador Johnny V\u00e1squez, Carolina rompi\u00f3 el silencio junto al padre del menor, ofreciendo por primera vez detalles directos sobre el tr\u00e1gico episodio ocurrido el domingo 30 de marzo.<\/p>\n\n\n\n<p class=\"wp-block-paragraph\">La madre, visiblemente afectada, insisti\u00f3 en que no ten\u00eda distracciones ni tel\u00e9fono en mano cuando perdi\u00f3 de vista a su hijo, y que se encontraba sentada justo frente al \u00e1rea donde el ni\u00f1o jugaba junto a su hermanita.<\/p>\n\n\n\n<p class=\"wp-block-paragraph\">\u00abMi esposo sali\u00f3 preguntando por el ni\u00f1o, y ah\u00ed nos dimos cuenta de que ya no estaba\u00bb, relat\u00f3 Carolina, quien explic\u00f3 con voz entrecortada que el peque\u00f1o Roldani, de tan solo tres a\u00f1os, simplemente \u00abdesapareci\u00f3 frente a sus ojos\u00bb.<\/p>\n\n\n\n<p class=\"wp-block-paragraph\">Esta versi\u00f3n fue respaldada por el padre del menor, Efra\u00edn, quien tambi\u00e9n habl\u00f3 por primera vez para disipar las dudas surgidas en torno a su familia, debido a las m\u00faltiples versiones y especulaciones difundidas en redes sociales.<\/p>\n\n\n\n<p class=\"wp-block-paragraph\">Mientras tanto, el pueblo de Jarabacoa contin\u00faa consternado por este triste caso, esperando respuestas de las autoridades que, hasta el momento, no han ofrecido resultados concluyentes ni nuevas pistas sobre la ubicaci\u00f3n del menor. Desde hoy, y tras la reveladora entrevista, crece la expectativa sobre los pr\u00f3ximos pasos que tomar\u00e1 la justicia dominicana en un caso que mantiene en vilo a todo el pa\u00eds.<\/p>\n\n\n\n<figure class=\"wp-block-image size-full\"><img loading=\"lazy\" decoding=\"async\" width=\"757\" height=\"1024\" src=\"https:\/\/rr.unv-informacion.xyz\/wp-content\/uploads\/2025\/04\/nino-desaparecido-en-Manabao-757x1024-1.jpg\" alt=\"\" class=\"wp-image-8587\" srcset=\"https:\/\/rr.unv-informacion.xyz\/wp-content\/uploads\/2025\/04\/nino-desaparecido-en-Manabao-757x1024-1.jpg 757w, https:\/\/rr.unv-informacion.xyz\/wp-content\/uploads\/2025\/04\/nino-desaparecido-en-Manabao-757x1024-1-222x300.jpg 222w, https:\/\/rr.unv-informacion.xyz\/wp-content\/uploads\/2025\/04\/nino-desaparecido-en-Manabao-757x1024-1-310x420.jpg 310w, https:\/\/rr.unv-informacion.xyz\/wp-content\/uploads\/2025\/04\/nino-desaparecido-en-Manabao-757x1024-1-640x866.jpg 640w, https:\/\/rr.unv-informacion.xyz\/wp-content\/uploads\/2025\/04\/nino-desaparecido-en-Manabao-757x1024-1-681x921.jpg 681w\" sizes=\"auto, (max-width: 757px) 100vw, 757px\" \/><\/figure>\n\n\n\n<figure class=\"wp-block-embed is-type-video is-provider-youtube wp-block-embed-youtube wp-embed-aspect-16-9 wp-has-aspect-ratio\"><div class=\"wp-block-embed__wrapper\">\n<iframe loading=\"lazy\" title=\"EXCLUSIVA: MADRE DEL NI\u00d1O ROBADO ROMPE EL SILENCIO Y SE QUIEBRE \ud83d\udc94 EN EL LUGAR DONDE SE LO LLEVARON.\" width=\"640\" height=\"360\" src=\"https:\/\/www.youtube.com\/embed\/Wcs1N-EqnM8?feature=oembed\" frameborder=\"0\" allow=\"accelerometer; autoplay; clipboard-write; encrypted-media; gyroscope; picture-in-picture; web-share\" referrerpolicy=\"strict-origin-when-cross-origin\" allowfullscreen><\/iframe>\n<\/div><\/figure>\n","protected":false},"excerpt":{"rendered":"<p>Republica Dominicana, Manabao, Jarabacoa. \u00abYo estaba aqu\u00ed sentada, y de repente ya no lo vi m\u00e1s\u00bb. Estas palabras desgarradoras fueron pronunciadas entre l\u00e1grimas por Carolina, madre del ni\u00f1o Roldani Calder\u00f3n, mientras mostraba el lugar exacto donde, seg\u00fan afirma, desapareci\u00f3 misteriosamente el peque\u00f1o hace veinte d\u00edas, mientras compart\u00edan en familia en la comunidad Los Tablones, Manabao. [&hellip;]<\/p>\n","protected":false},"author":1,"featured_media":8587,"comment_status":"open","ping_status":"open","sticky":false,"template":"","format":"standard","meta":{"footnotes":""},"categories":[1],"tags":[],"class_list":["post-8586","post","type-post","status-publish","format-standard","has-post-thumbnail","hentry","category-uncategorized"],"_links":{"self":[{"href":"https:\/\/rr.unv-informacion.xyz\/index.php?rest_route=\/wp\/v2\/posts\/8586","targetHints":{"allow":["GET"]}}],"collection":[{"href":"https:\/\/rr.unv-informacion.xyz\/index.php?rest_route=\/wp\/v2\/posts"}],"about":[{"href":"https:\/\/rr.unv-informacion.xyz\/index.php?rest_route=\/wp\/v2\/types\/post"}],"author":[{"embeddable":true,"href":"https:\/\/rr.unv-informacion.xyz\/index.php?rest_route=\/wp\/v2\/users\/1"}],"replies":[{"embeddable":true,"href":"https:\/\/rr.unv-informacion.xyz\/index.php?rest_route=%2Fwp%2Fv2%2Fcomments&post=8586"}],"version-history":[{"count":1,"href":"https:\/\/rr.unv-informacion.xyz\/index.php?rest_route=\/wp\/v2\/posts\/8586\/revisions"}],"predecessor-version":[{"id":8588,"href":"https:\/\/rr.unv-informacion.xyz\/index.php?rest_route=\/wp\/v2\/posts\/8586\/revisions\/8588"}],"wp:featuredmedia":[{"embeddable":true,"href":"https:\/\/rr.unv-informacion.xyz\/index.php?rest_route=\/wp\/v2\/media\/8587"}],"wp:attachment":[{"href":"https:\/\/rr.unv-informacion.xyz\/index.php?rest_route=%2Fwp%2Fv2%2Fmedia&parent=8586"}],"wp:term":[{"taxonomy":"category","embeddable":true,"href":"https:\/\/rr.unv-informacion.xyz\/index.php?rest_route=%2Fwp%2Fv2%2Fcategories&post=8586"},{"taxonomy":"post_tag","embeddable":true,"href":"https:\/\/rr.unv-informacion.xyz\/index.php?rest_route=%2Fwp%2Fv2%2Ftags&post=8586"}],"curies":[{"name":"wp","href":"https:\/\/api.w.org\/{rel}","templated":true}]}}