{"id":8589,"date":"2025-04-21T15:52:04","date_gmt":"2025-04-21T15:52:04","guid":{"rendered":"https:\/\/rr.unv-informacion.xyz\/?p=8589"},"modified":"2025-04-21T15:52:05","modified_gmt":"2025-04-21T15:52:05","slug":"papa-francisco-fallec3-en-roma-a-los-88-anos-tras-una-vida-de-servicio","status":"publish","type":"post","link":"https:\/\/rr.unv-informacion.xyz\/?p=8589","title":{"rendered":"Papa Francisco fallec3 en Roma a los 88 a\u00f1os tras una vida de servicio"},"content":{"rendered":"\n<p class=\"wp-block-paragraph\">El Papa Francisco, primer pont\u00edfice latinoamericano, fallece en Roma a los 88 a\u00f1os, dejando un legado de humildad y servicio.<\/p>\n\n\n\n<p class=\"wp-block-paragraph\">A las 7:35 de esta ma\u00f1ana, hora local, el Vaticano anunci\u00f3 el fallecimiento del Papa Francisco con el mensaje: \u201cA las 7:35 de esta ma\u00f1ana (hora local), el Obispo de Roma, Francisco, regres\u00f3 a la casa del Padre. Dedic\u00f3 toda su vida al servicio del Se\u00f1or y de su Iglesia\u201c.<\/p>\n\n\n\n<p class=\"wp-block-paragraph\">Francisco, cuyo nombre secular era Jorge Mario Bergoglio, fue el primer latinoamericano en ser elegido Papa en la historia y muri\u00f3 a los 88 a\u00f1os en Roma.<\/p>\n\n\n\n<p class=\"wp-block-paragraph\">El Cardenal Farrell expres\u00f3 sobre el fallecido pont\u00edfice: \u201cNos ense\u00f1\u00f3 a vivir los valores del Evangelio con fidelidad, valent\u00eda y amor universal, especialmente a favor de los m\u00e1s pobres y marginados. Con inmensa gratitud por su ejemplo como verdadero disc\u00edpulo del Se\u00f1or Jes\u00fas, encomendamos el alma del Papa Francisco al infinito amor misericordioso del Dios Uno y Trino\u201d.<\/p>\n\n\n\n<p class=\"wp-block-paragraph\">Francisco fue elegido jefe de la Iglesia cat\u00f3lica en marzo de 2013, luego de la renuncia de Benedicto XVI. Durante las \u00faltimas semanas, sufri\u00f3 complicaciones respiratorias y estuvo hospitalizado en el hospital Gemelli por m\u00e1s de un mes, hasta recibir el alta m\u00e9dica el pasado 23 de marzo.<\/p>\n\n\n\n<p class=\"wp-block-paragraph\">Desde joven, era vulnerable a las enfermedades pulmonares tras haber sido sometido a una extirpaci\u00f3n parcial de un pulm\u00f3n.<\/p>\n\n\n\n<p class=\"wp-block-paragraph\">Su fallecimiento ocurri\u00f3 menos de 24 horas despu\u00e9s de su aparici\u00f3n p\u00fablica en la Plaza de San Pedro para la celebraci\u00f3n del Domingo de Pascua.<\/p>\n\n\n\n<p class=\"wp-block-paragraph\">All\u00ed, en silla de ruedas, salud\u00f3 a la multitud desde el balc\u00f3n de la Bas\u00edlica de San Pedro y dijo: \u201cQueridos hermanos y hermanas, \u00a1Felices Pascuas!\u201d. El tradicional discurso y la bendici\u00f3n de Pascua fueron le\u00eddos por un asistente mientras Francisco observaba sentado.<\/p>\n\n\n\n<p class=\"wp-block-paragraph\">Luego recorri\u00f3 la plaza en coche, deteni\u00e9ndose varias veces para bendecir a beb\u00e9s tra\u00eddos por los fieles. Se ha anunciado que el funeral de Francisco tendr\u00e1 lugar dentro de tres d\u00edas.<\/p>\n\n\n\n<p class=\"wp-block-paragraph\">Miles de personas ya comenzaron a reunirse en la Plaza de San Pedro para rendirle homenaje. David Ghiglione report\u00f3 para la BBC que \u201cvi a gente llorando en la calle mientras la multitud se agolpaba en la Plaza de San Pedro para presentar sus respetos\u201d.<\/p>\n\n\n\n<p class=\"wp-block-paragraph\">El \u00faltimo funeral de un papa en funciones fue el de Juan Pablo II en abril de 2005, al cual asistieron m\u00e1s de cuatro millones de personas. Francisco, desde el inicio de su pontificado, abog\u00f3 por una Iglesia m\u00e1s austera y comprometida con los pobres.<\/p>\n\n\n\n<p class=\"wp-block-paragraph\">A pesar de enfrentar resistencia de sectores conservadores, promovi\u00f3 la apertura de la Iglesia hacia las parejas del mismo sexo y la inclusi\u00f3n de mujeres en cargos altos.<\/p>\n\n\n\n<p class=\"wp-block-paragraph\">Francisco fue el primer Papa procedente de Am\u00e9rica y el primer no europeo desde Gregorio III, en el siglo VIII. Tambi\u00e9n fue el primer jesuita en ocupar el trono de San Pedro, un hecho significativo dado el pasado de tensi\u00f3n entre los jesuitas y Roma.<\/p>\n\n\n\n<p class=\"wp-block-paragraph\">Su muerte coincidi\u00f3 con el Domingo de Resurrecci\u00f3n y con el inicio del Jubileo, celebrado cada 25 a\u00f1os. El Papa inaugur\u00f3 el Jubileo abriendo la Puerta Santa de la Bas\u00edlica de San Pedro el 25 de diciembre, y millones de peregrinos acudieron al Vaticano para cruzarla. El Jubileo se extender\u00e1 hasta el 6 de enero de 2026.<\/p>\n\n\n\n<p class=\"wp-block-paragraph\">En Argentina, la noticia se conoci\u00f3 durante la madrugada. El presidente Javier Milei expres\u00f3 en su cuenta de X: \u201cCon profundo dolor me entero esta triste ma\u00f1ana que el Papa Francisco, Jorge Bergoglio, falleci\u00f3 hoy y ya se encuentra descansando en paz. A pesar de diferencias que hoy resultan menores, haber podido conocerlo en su bondad y sabidur\u00eda fue un verdadero honor para m\u00ed. Como Presidente, como argentino y, fundamentalmente, como un hombre de Fe, despido al Santo Padre y acompa\u00f1o a todos los que hoy nos encontramos con esta triste noticia. QEPD\u201d.<\/p>\n\n\n\n<p class=\"wp-block-paragraph\">El presidente franc\u00e9s, Emmanuel Macron, rindi\u00f3 homenaje llam\u00e1ndolo un \u201chombre de humildad, del lado de los m\u00e1s vulnerables y m\u00e1s fr\u00e1giles\u201d.<\/p>\n\n\n\n<p class=\"wp-block-paragraph\">Roberta Metsola, presidenta del Parlamento Europeo, afirm\u00f3: \u201cSu sonrisa contagiosa conquist\u00f3 el coraz\u00f3n de millones de personas en todo el mundo\u201d. Pedro S\u00e1nchez, presidente de Espa\u00f1a, lament\u00f3 su fallecimiento y dijo: \u201csu compromiso con la paz, la justicia social y los m\u00e1s vulnerables deja un legado profundo. Descanse en paz\u201d.<\/p>\n\n\n\n<p class=\"wp-block-paragraph\">El rey Carlos III tambi\u00e9n envi\u00f3 sus condolencias, se\u00f1alando que, aunque sent\u00eda una profunda tristeza, hallaba consuelo en que el Papa pudo compartir un saludo de Pascua. A\u00f1adi\u00f3 que \u201csu Santidad ser\u00e1 recordado por su compasi\u00f3n, su preocupaci\u00f3n por la unidad de la Iglesia y su incansable compromiso con las causas comunes de todas las personas de fe\u201d, y destac\u00f3 que Francisco \u201cinfluy\u00f3 profundamente en la vida de muchas personas\u201d.<\/p>\n\n\n\n<figure class=\"wp-block-embed is-type-video is-provider-youtube wp-block-embed-youtube wp-embed-aspect-16-9 wp-has-aspect-ratio\"><div class=\"wp-block-embed__wrapper\">\n<iframe loading=\"lazy\" title=\"Fallece el Papa Francisco en Roma a los 88 a\u00f1os tras una vida de servicio\" width=\"640\" height=\"360\" src=\"https:\/\/www.youtube.com\/embed\/UTY8Ipx8lbQ?feature=oembed\" frameborder=\"0\" allow=\"accelerometer; autoplay; clipboard-write; encrypted-media; gyroscope; picture-in-picture; web-share\" referrerpolicy=\"strict-origin-when-cross-origin\" allowfullscreen><\/iframe>\n<\/div><\/figure>\n","protected":false},"excerpt":{"rendered":"<p>El Papa Francisco, primer pont\u00edfice latinoamericano, fallece en Roma a los 88 a\u00f1os, dejando un legado de humildad y servicio. A las 7:35 de esta ma\u00f1ana, hora local, el Vaticano anunci\u00f3 el fallecimiento del Papa Francisco con el mensaje: \u201cA las 7:35 de esta ma\u00f1ana (hora local), el Obispo de Roma, Francisco, regres\u00f3 a la [&hellip;]<\/p>\n","protected":false},"author":1,"featured_media":8590,"comment_status":"open","ping_status":"open","sticky":false,"template":"","format":"standard","meta":{"footnotes":""},"categories":[1],"tags":[],"class_list":["post-8589","post","type-post","status-publish","format-standard","has-post-thumbnail","hentry","category-uncategorized"],"_links":{"self":[{"href":"https:\/\/rr.unv-informacion.xyz\/index.php?rest_route=\/wp\/v2\/posts\/8589","targetHints":{"allow":["GET"]}}],"collection":[{"href":"https:\/\/rr.unv-informacion.xyz\/index.php?rest_route=\/wp\/v2\/posts"}],"about":[{"href":"https:\/\/rr.unv-informacion.xyz\/index.php?rest_route=\/wp\/v2\/types\/post"}],"author":[{"embeddable":true,"href":"https:\/\/rr.unv-informacion.xyz\/index.php?rest_route=\/wp\/v2\/users\/1"}],"replies":[{"embeddable":true,"href":"https:\/\/rr.unv-informacion.xyz\/index.php?rest_route=%2Fwp%2Fv2%2Fcomments&post=8589"}],"version-history":[{"count":1,"href":"https:\/\/rr.unv-informacion.xyz\/index.php?rest_route=\/wp\/v2\/posts\/8589\/revisions"}],"predecessor-version":[{"id":8591,"href":"https:\/\/rr.unv-informacion.xyz\/index.php?rest_route=\/wp\/v2\/posts\/8589\/revisions\/8591"}],"wp:featuredmedia":[{"embeddable":true,"href":"https:\/\/rr.unv-informacion.xyz\/index.php?rest_route=\/wp\/v2\/media\/8590"}],"wp:attachment":[{"href":"https:\/\/rr.unv-informacion.xyz\/index.php?rest_route=%2Fwp%2Fv2%2Fmedia&parent=8589"}],"wp:term":[{"taxonomy":"category","embeddable":true,"href":"https:\/\/rr.unv-informacion.xyz\/index.php?rest_route=%2Fwp%2Fv2%2Fcategories&post=8589"},{"taxonomy":"post_tag","embeddable":true,"href":"https:\/\/rr.unv-informacion.xyz\/index.php?rest_route=%2Fwp%2Fv2%2Ftags&post=8589"}],"curies":[{"name":"wp","href":"https:\/\/api.w.org\/{rel}","templated":true}]}}