{"id":8592,"date":"2025-04-21T15:57:45","date_gmt":"2025-04-21T15:57:45","guid":{"rendered":"https:\/\/rr.unv-informacion.xyz\/?p=8592"},"modified":"2025-04-21T15:57:45","modified_gmt":"2025-04-21T15:57:45","slug":"quien-sera-el-proximo-papa","status":"publish","type":"post","link":"https:\/\/rr.unv-informacion.xyz\/?p=8592","title":{"rendered":"\u00bfQui\u00e9n ser\u00e1 el pr\u00f3ximo Papa?"},"content":{"rendered":"\n<p class=\"wp-block-paragraph\">Tras el fallecimiento del Papa Francisco, la Iglesia Cat\u00f3lica entra en una fase crucial: la elecci\u00f3n del pr\u00f3ximo Vicario de Cristo, un proceso sagrado que despierta atenci\u00f3n global y cuyos c\u00f3digos, aunque invisibles para muchos, est\u00e1n profundamente marcados por la tradici\u00f3n.<\/p>\n\n\n\n<p class=\"wp-block-paragraph\">Desde hace casi siete siglos, espec\u00edficamente desde 1362, solo miembros del Colegio Cardenalicio han sido elevados al trono de Pedro.<\/p>\n\n\n\n<p class=\"wp-block-paragraph\">Aunque, en teor\u00eda, cualquier cat\u00f3lico con estudios superiores en Sagrada Escritura, Teolog\u00eda o Derecho Can\u00f3nico podr\u00eda ser elegido, la costumbre eclesi\u00e1stica ha establecido un pacto no escrito: ser cardenal es el requisito t\u00e1cito para ser Papa. Y m\u00e1s a\u00fan, para votar y ser votado hay un l\u00edmite etario: tener menos de 80 a\u00f1os.<\/p>\n\n\n\n<p class=\"wp-block-paragraph\">Actualmente, quienes re\u00fanen estas condiciones forman parte de un c\u00f3nclave complejo. Seg\u00fan fuentes eclesi\u00e1sticas consultadas por OKDIARIO, muchos de los cardenales apenas se conocen entre s\u00ed, dado que los encuentros convocados por Francisco fueron limitados. Esto entorpece los consensos y vuelve el proceso m\u00e1s impredecible que en ocasiones anteriores.<\/p>\n\n\n\n<p class=\"wp-block-paragraph\">Entre los nombres que resuenan con m\u00e1s fuerza figura el Cardenal Gerhard M\u00fcller, considerado uno de los principales representantes del ala doctrinalmente conservadora.<\/p>\n\n\n\n<p class=\"wp-block-paragraph\">Fue Prefecto de la Congregaci\u00f3n para la Doctrina de la Fe entre 2012 y 2017 y ha sido una voz firme en defensa de la ortodoxia cat\u00f3lica.<\/p>\n\n\n\n<p class=\"wp-block-paragraph\">Nombrado cardenal por el propio Francisco en 2014, M\u00fcller ha sido muy cr\u00edtico con ciertos gestos del pont\u00edfice argentino, especialmente respecto a las restricciones a la Misa en lat\u00edn, la posibilidad del diaconado femenino y la flexibilizaci\u00f3n del celibato sacerdotal.<\/p>\n\n\n\n<p class=\"wp-block-paragraph\">A nivel pol\u00edtico, ha manifestado posiciones contra el globalismo y la Agenda 2030, acusando a sus impulsores de querer diluir la fe cristiana.<\/p>\n\n\n\n<p class=\"wp-block-paragraph\">Aunque no rompi\u00f3 con el Papa Francisco, s\u00ed lleg\u00f3 a sugerir que el pont\u00edfice habr\u00eda incurrido en herej\u00eda material, sin llegar a considerarla formal.<\/p>\n\n\n\n<p class=\"wp-block-paragraph\">ambi\u00e9n destaca el Cardenal Robert Sarah, originario de Guinea, conocido por su austeridad, espiritualidad profunda y fidelidad a las ense\u00f1anzas tradicionales.<\/p>\n\n\n\n<p class=\"wp-block-paragraph\">Benedicto XVI lo valor\u00f3 al nombrarlo Presidente del Pontificio Consejo Cor Unum y luego Prefecto de la Congregaci\u00f3n para el Culto Divino.<\/p>\n\n\n\n<p class=\"wp-block-paragraph\">Sarah ha denunciado el relativismo moral y la secularizaci\u00f3n dentro de la Iglesia, defendiendo una liturgia reverente y una visi\u00f3n clara sobre la familia y la sexualidad.<\/p>\n\n\n\n<p class=\"wp-block-paragraph\">Es particularmente respetado por su valent\u00eda al criticar el avance del islamismo radical y su rechazo rotundo al aborto, basado en su experiencia de vida bajo un r\u00e9gimen marxista en su pa\u00eds natal.<\/p>\n\n\n\n<p class=\"wp-block-paragraph\">Su figura representa una Iglesia m\u00e1s espiritual, silenciosa y alejada del ruido medi\u00e1tico, pero con gran profundidad doctrinal.<\/p>\n\n\n\n<p class=\"wp-block-paragraph\">El Cardenal Pierbattista Pizzaballa, actual Patriarca Latino de Jerusal\u00e9n, es una figura que ha cobrado relevancia por su papel como l\u00edder espiritual en Tierra Santa.<\/p>\n\n\n\n<p class=\"wp-block-paragraph\">Su labor pastoral en un territorio marcado por el conflicto entre Israel y Palestina le ha otorgado un perfil de mediador y pacificador.<\/p>\n\n\n\n<p class=\"wp-block-paragraph\">Fue nombrado cardenal en 2023, y uno de sus gestos m\u00e1s simb\u00f3licos fue ofrecerse como reh\u00e9n a cambio de los ni\u00f1os secuestrados por Ham\u00e1s, lo que gener\u00f3 amplio respeto en diversos sectores religiosos.<\/p>\n\n\n\n<p class=\"wp-block-paragraph\">A nivel doctrinal, es un hombre de tradici\u00f3n, pero consciente de los desaf\u00edos contempor\u00e1neos, como el clericalismo, la crisis migratoria y el di\u00e1logo interreligioso.<\/p>\n\n\n\n<p class=\"wp-block-paragraph\">Sin abandonar la ortodoxia, mantiene una actitud pastoral abierta y moderada, enfocada en la compasi\u00f3n sin relativizar la doctrina.<\/p>\n\n\n\n<p class=\"wp-block-paragraph\">Desde Italia surge el nombre del Cardenal Matteo Zuppi, una de las figuras m\u00e1s visibles del ala progresista de la Iglesia. Arzobispo de Bolonia y vinculado a la Comunidad de San Egidio, ha sido promotor de una Iglesia inclusiva, socialmente activa y dialogante.<\/p>\n\n\n\n<p class=\"wp-block-paragraph\">Su estilo pastoral se asemeja al de Francisco, y ha sido llamado en c\u00edrculos italianos el \u201ccapell\u00e1n de la izquierda\u201d. Ha apoyado la inclusi\u00f3n de homosexuales y divorciados vueltos a casar, promueve los derechos de los migrantes y mantiene contactos con organizaciones de otras religiones y de pensamiento laico.<\/p>\n\n\n\n<p class=\"wp-block-paragraph\">Su figura es especialmente popular en Europa Occidental, donde su perfil conciliador y social lo vuelve una opci\u00f3n atractiva, aunque no exenta de cr\u00edticas por su respaldo a sectores considerados demasiado ideologizados.<\/p>\n\n\n\n<p class=\"wp-block-paragraph\">Por \u00faltimo, se encuentra el Cardenal Luis Antonio Tagle, de Filipinas, uno de los m\u00e1s j\u00f3venes y medi\u00e1ticos entre los posibles sucesores. Conocido como el \u201cFrancisco asi\u00e1tico\u201d, su sensibilidad pastoral, cercan\u00eda al pueblo y carisma comunicativo lo han posicionado como un posible \u00abpuente\u00bb entre oriente y occidente.<\/p>\n\n\n\n<p class=\"wp-block-paragraph\">Fue arzobispo de Manila y presidente de C\u00e1ritas Internacional. En Roma, fue designado Prefecto de la Congregaci\u00f3n para la Evangelizaci\u00f3n de los Pueblos, cargo clave en la estructura vaticana.<\/p>\n\n\n\n<p class=\"wp-block-paragraph\">Tagle ha denunciado la pobreza, la desigualdad y la falta de justicia social, aunque en temas como la homosexualidad, el aborto o la comuni\u00f3n para los no casados, ha mostrado una postura m\u00e1s flexible en cuanto al lenguaje y el trato pastoral, m\u00e1s que en el fondo doctrinal.<\/p>\n\n\n\n<p class=\"wp-block-paragraph\">Su \u00e9nfasis en una Iglesia que escuche y acoja ha sido visto como continuidad de la l\u00ednea de Francisco, aunque con mayor prudencia pol\u00edtica.<\/p>\n\n\n\n<p class=\"wp-block-paragraph\">Desde hoy, el mundo cat\u00f3lico vuelve la mirada al Vaticano, mientras el c\u00f3nclave se prepara para deliberar entre corrientes, sensibilidades y urgencias del mundo moderno.<\/p>\n\n\n\n<figure class=\"wp-block-image size-full\"><img loading=\"lazy\" decoding=\"async\" width=\"1024\" height=\"576\" src=\"https:\/\/rr.unv-informacion.xyz\/wp-content\/uploads\/2025\/04\/Diseno-sin-titulo-2022-03-22T153855.440-1024x576-1.jpg\" alt=\"\" class=\"wp-image-8593\" srcset=\"https:\/\/rr.unv-informacion.xyz\/wp-content\/uploads\/2025\/04\/Diseno-sin-titulo-2022-03-22T153855.440-1024x576-1.jpg 1024w, https:\/\/rr.unv-informacion.xyz\/wp-content\/uploads\/2025\/04\/Diseno-sin-titulo-2022-03-22T153855.440-1024x576-1-300x169.jpg 300w, https:\/\/rr.unv-informacion.xyz\/wp-content\/uploads\/2025\/04\/Diseno-sin-titulo-2022-03-22T153855.440-1024x576-1-768x432.jpg 768w, https:\/\/rr.unv-informacion.xyz\/wp-content\/uploads\/2025\/04\/Diseno-sin-titulo-2022-03-22T153855.440-1024x576-1-747x420.jpg 747w, https:\/\/rr.unv-informacion.xyz\/wp-content\/uploads\/2025\/04\/Diseno-sin-titulo-2022-03-22T153855.440-1024x576-1-640x360.jpg 640w, https:\/\/rr.unv-informacion.xyz\/wp-content\/uploads\/2025\/04\/Diseno-sin-titulo-2022-03-22T153855.440-1024x576-1-681x383.jpg 681w\" sizes=\"auto, (max-width: 1024px) 100vw, 1024px\" \/><\/figure>\n\n\n\n<figure class=\"wp-block-image size-full\"><img loading=\"lazy\" decoding=\"async\" width=\"412\" height=\"325\" src=\"https:\/\/rr.unv-informacion.xyz\/wp-content\/uploads\/2025\/04\/image-3.jpg\" alt=\"\" class=\"wp-image-8594\" srcset=\"https:\/\/rr.unv-informacion.xyz\/wp-content\/uploads\/2025\/04\/image-3.jpg 412w, https:\/\/rr.unv-informacion.xyz\/wp-content\/uploads\/2025\/04\/image-3-300x237.jpg 300w\" sizes=\"auto, (max-width: 412px) 100vw, 412px\" \/><\/figure>\n\n\n\n<figure class=\"wp-block-image size-full\"><img loading=\"lazy\" decoding=\"async\" width=\"768\" height=\"500\" src=\"https:\/\/rr.unv-informacion.xyz\/wp-content\/uploads\/2025\/04\/pizzaballaleggio-b-o-768x500-1.jpg\" alt=\"\" class=\"wp-image-8595\" srcset=\"https:\/\/rr.unv-informacion.xyz\/wp-content\/uploads\/2025\/04\/pizzaballaleggio-b-o-768x500-1.jpg 768w, https:\/\/rr.unv-informacion.xyz\/wp-content\/uploads\/2025\/04\/pizzaballaleggio-b-o-768x500-1-300x194.jpg 300w, https:\/\/rr.unv-informacion.xyz\/wp-content\/uploads\/2025\/04\/pizzaballaleggio-b-o-768x500-1-645x420.jpg 645w, https:\/\/rr.unv-informacion.xyz\/wp-content\/uploads\/2025\/04\/pizzaballaleggio-b-o-768x500-1-640x417.jpg 640w, https:\/\/rr.unv-informacion.xyz\/wp-content\/uploads\/2025\/04\/pizzaballaleggio-b-o-768x500-1-681x443.jpg 681w\" sizes=\"auto, (max-width: 768px) 100vw, 768px\" \/><\/figure>\n\n\n\n<figure class=\"wp-block-image size-full\"><img loading=\"lazy\" decoding=\"async\" width=\"768\" height=\"439\" src=\"https:\/\/rr.unv-informacion.xyz\/wp-content\/uploads\/2025\/04\/mateo-zuppi-768x439-1.jpg\" alt=\"\" class=\"wp-image-8596\" srcset=\"https:\/\/rr.unv-informacion.xyz\/wp-content\/uploads\/2025\/04\/mateo-zuppi-768x439-1.jpg 768w, https:\/\/rr.unv-informacion.xyz\/wp-content\/uploads\/2025\/04\/mateo-zuppi-768x439-1-300x171.jpg 300w, https:\/\/rr.unv-informacion.xyz\/wp-content\/uploads\/2025\/04\/mateo-zuppi-768x439-1-735x420.jpg 735w, https:\/\/rr.unv-informacion.xyz\/wp-content\/uploads\/2025\/04\/mateo-zuppi-768x439-1-640x366.jpg 640w, https:\/\/rr.unv-informacion.xyz\/wp-content\/uploads\/2025\/04\/mateo-zuppi-768x439-1-681x389.jpg 681w\" sizes=\"auto, (max-width: 768px) 100vw, 768px\" \/><\/figure>\n\n\n\n<figure class=\"wp-block-image size-full\"><img loading=\"lazy\" decoding=\"async\" width=\"750\" height=\"422\" src=\"https:\/\/rr.unv-informacion.xyz\/wp-content\/uploads\/2025\/04\/cq5dam.thumbnail.cropped.750.422.jpg\" alt=\"\" class=\"wp-image-8597\" srcset=\"https:\/\/rr.unv-informacion.xyz\/wp-content\/uploads\/2025\/04\/cq5dam.thumbnail.cropped.750.422.jpg 750w, https:\/\/rr.unv-informacion.xyz\/wp-content\/uploads\/2025\/04\/cq5dam.thumbnail.cropped.750.422-300x169.jpg 300w, https:\/\/rr.unv-informacion.xyz\/wp-content\/uploads\/2025\/04\/cq5dam.thumbnail.cropped.750.422-746x420.jpg 746w, https:\/\/rr.unv-informacion.xyz\/wp-content\/uploads\/2025\/04\/cq5dam.thumbnail.cropped.750.422-640x360.jpg 640w, https:\/\/rr.unv-informacion.xyz\/wp-content\/uploads\/2025\/04\/cq5dam.thumbnail.cropped.750.422-681x383.jpg 681w\" sizes=\"auto, (max-width: 750px) 100vw, 750px\" \/><\/figure>\n\n\n\n<p class=\"wp-block-paragraph\"><\/p>\n","protected":false},"excerpt":{"rendered":"<p>Tras el fallecimiento del Papa Francisco, la Iglesia Cat\u00f3lica entra en una fase crucial: la elecci\u00f3n del pr\u00f3ximo Vicario de Cristo, un proceso sagrado que despierta atenci\u00f3n global y cuyos c\u00f3digos, aunque invisibles para muchos, est\u00e1n profundamente marcados por la tradici\u00f3n. Desde hace casi siete siglos, espec\u00edficamente desde 1362, solo miembros del Colegio Cardenalicio han [&hellip;]<\/p>\n","protected":false},"author":1,"featured_media":8597,"comment_status":"open","ping_status":"open","sticky":false,"template":"","format":"standard","meta":{"footnotes":""},"categories":[1],"tags":[],"class_list":["post-8592","post","type-post","status-publish","format-standard","has-post-thumbnail","hentry","category-uncategorized"],"_links":{"self":[{"href":"https:\/\/rr.unv-informacion.xyz\/index.php?rest_route=\/wp\/v2\/posts\/8592","targetHints":{"allow":["GET"]}}],"collection":[{"href":"https:\/\/rr.unv-informacion.xyz\/index.php?rest_route=\/wp\/v2\/posts"}],"about":[{"href":"https:\/\/rr.unv-informacion.xyz\/index.php?rest_route=\/wp\/v2\/types\/post"}],"author":[{"embeddable":true,"href":"https:\/\/rr.unv-informacion.xyz\/index.php?rest_route=\/wp\/v2\/users\/1"}],"replies":[{"embeddable":true,"href":"https:\/\/rr.unv-informacion.xyz\/index.php?rest_route=%2Fwp%2Fv2%2Fcomments&post=8592"}],"version-history":[{"count":1,"href":"https:\/\/rr.unv-informacion.xyz\/index.php?rest_route=\/wp\/v2\/posts\/8592\/revisions"}],"predecessor-version":[{"id":8598,"href":"https:\/\/rr.unv-informacion.xyz\/index.php?rest_route=\/wp\/v2\/posts\/8592\/revisions\/8598"}],"wp:featuredmedia":[{"embeddable":true,"href":"https:\/\/rr.unv-informacion.xyz\/index.php?rest_route=\/wp\/v2\/media\/8597"}],"wp:attachment":[{"href":"https:\/\/rr.unv-informacion.xyz\/index.php?rest_route=%2Fwp%2Fv2%2Fmedia&parent=8592"}],"wp:term":[{"taxonomy":"category","embeddable":true,"href":"https:\/\/rr.unv-informacion.xyz\/index.php?rest_route=%2Fwp%2Fv2%2Fcategories&post=8592"},{"taxonomy":"post_tag","embeddable":true,"href":"https:\/\/rr.unv-informacion.xyz\/index.php?rest_route=%2Fwp%2Fv2%2Ftags&post=8592"}],"curies":[{"name":"wp","href":"https:\/\/api.w.org\/{rel}","templated":true}]}}