{"id":8603,"date":"2025-04-22T19:01:00","date_gmt":"2025-04-22T19:01:00","guid":{"rendered":"https:\/\/rr.unv-informacion.xyz\/?p=8603"},"modified":"2025-04-22T19:01:01","modified_gmt":"2025-04-22T19:01:01","slug":"madre-del-pequeno-de-san-cristobal-rompe-el-silencio","status":"publish","type":"post","link":"https:\/\/rr.unv-informacion.xyz\/?p=8603","title":{"rendered":"Madre del peque\u00f1o de San Crist\u00f3bal rompe el silencio"},"content":{"rendered":"\n<p class=\"wp-block-paragraph\">En una operaci\u00f3n conjunta entre agentes de la Subdirecci\u00f3n Regional de Investigaci\u00f3n (Dicrim) y el Ministerio P\u00fablico, fue detenido Jes\u00fas Alberto Camacho Decena, conocido como Jes\u00fas, de 31 a\u00f1os, sospechoso del secuestro, abuso sexual y la mu93rt3del ni\u00f1o \u00c1ngel Jos\u00e9 Mercedes Mora, de 9 a\u00f1os. El menor hab\u00eda sido reportado como desaparecido el pasado viernes 18 de abril en el sector Villa Fundaci\u00f3n de esta provincia.<\/p>\n\n\n\n<p class=\"wp-block-paragraph\">La captura de Camacho Decena se logr\u00f3 despu\u00e9s de una exhaustiva labor de inteligencia, rastreo y investigaci\u00f3n por parte de las autoridades. La madre del ni\u00f1o acudi\u00f3 a la sede policial de Recepci\u00f3n de Denuncias de la Direcci\u00f3n Regional San Crist\u00f3bal para reportar la desaparici\u00f3n de su hijo, tras notar su ausencia desde la tarde del viernes.<\/p>\n\n\n\n<p class=\"wp-block-paragraph\">De inmediato, los investigadores, junto con el Departamento de Personas Desaparecidas, comenzaron a realizar labores de b\u00fasqueda y recopilaci\u00f3n de informaci\u00f3n en la zona. En las im\u00e1genes de vigilancia se observ\u00f3 al ni\u00f1o acompa\u00f1ado de un hombre de tez morena, delgado, vestido con ropa deportiva azul, y montado en una motocicleta marca Bajaj de color negro, en una zona cercana al balneario C\u00faper, en el sector Hato Damas.<\/p>\n\n\n\n<p class=\"wp-block-paragraph\">Gracias a las labores de inteligencia y a la colaboraci\u00f3n de fuentes confiables, las autoridades lograron identificar y localizar a Camacho Decena, quien fue detenido en la calle Principal, pr\u00f3ximo a la misma \u00e1rea. La fiscal del caso, junto con la m\u00e9dico legista del Instituto Nacional de Ciencias Forenses (INACIF), certific\u00f3 que la causa de mu3-rt3 del men0r fue asfixia por inmersi\u00f3n, adem\u00e1s de presentar signos de abuso sexual. Los an\u00e1lisis patol\u00f3gicos confirmar\u00e1n estos hallazgos en los pr\u00f3ximos d\u00edas.<\/p>\n\n\n\n<p class=\"wp-block-paragraph\">La madre del peque\u00f1o hablo con el equipo de notici4 sin y esto fue lo que ella le dijo<\/p>\n\n\n\n<p class=\"wp-block-paragraph\">Las investigaciones contin\u00faan para esclarecer completamente los hechos y determinar si existen otros involucrados en este lamentable caso. La Polic\u00eda y el Ministerio P\u00fablico reafirman su compromiso de trabajar sin descanso para hacer justicia y proteger a los menores de la comunidad.<\/p>\n\n\n\n<figure class=\"wp-block-embed is-type-video is-provider-youtube wp-block-embed-youtube wp-embed-aspect-16-9 wp-has-aspect-ratio\"><div class=\"wp-block-embed__wrapper\">\n<iframe loading=\"lazy\" title=\"Madre de ni\u00f1o de  San Crist\u00f3bal que fue asesinad0 habla en camara\" width=\"640\" height=\"360\" src=\"https:\/\/www.youtube.com\/embed\/dHdcyqk5sbM?feature=oembed\" frameborder=\"0\" allow=\"accelerometer; autoplay; clipboard-write; encrypted-media; gyroscope; picture-in-picture; web-share\" referrerpolicy=\"strict-origin-when-cross-origin\" allowfullscreen><\/iframe>\n<\/div><\/figure>\n\n\n\n<figure class=\"wp-block-embed is-type-video is-provider-youtube wp-block-embed-youtube wp-embed-aspect-16-9 wp-has-aspect-ratio\"><div class=\"wp-block-embed__wrapper\">\n<iframe loading=\"lazy\" title=\"\u201cA m\u00ed me entregaron a mi hijo en una caja y envuelto en una funda negra\u201d, as\u00ed se refiri\u00f3 el padre de\" width=\"640\" height=\"360\" src=\"https:\/\/www.youtube.com\/embed\/S3t5SLdk6c8?feature=oembed\" frameborder=\"0\" allow=\"accelerometer; autoplay; clipboard-write; encrypted-media; gyroscope; picture-in-picture; web-share\" referrerpolicy=\"strict-origin-when-cross-origin\" allowfullscreen><\/iframe>\n<\/div><\/figure>\n\n\n\n<figure class=\"wp-block-embed is-type-video is-provider-youtube wp-block-embed-youtube wp-embed-aspect-4-3 wp-has-aspect-ratio\"><div class=\"wp-block-embed__wrapper\">\n<iframe loading=\"lazy\" title=\"Roba ni\u00f1o en sancritobal\" width=\"640\" height=\"480\" src=\"https:\/\/www.youtube.com\/embed\/CGc1kiYULsY?feature=oembed\" frameborder=\"0\" allow=\"accelerometer; autoplay; clipboard-write; encrypted-media; gyroscope; picture-in-picture; web-share\" referrerpolicy=\"strict-origin-when-cross-origin\" allowfullscreen><\/iframe>\n<\/div><\/figure>\n","protected":false},"excerpt":{"rendered":"<p>En una operaci\u00f3n conjunta entre agentes de la Subdirecci\u00f3n Regional de Investigaci\u00f3n (Dicrim) y el Ministerio P\u00fablico, fue detenido Jes\u00fas Alberto Camacho Decena, conocido como Jes\u00fas, de 31 a\u00f1os, sospechoso del secuestro, abuso sexual y la mu93rt3del ni\u00f1o \u00c1ngel Jos\u00e9 Mercedes Mora, de 9 a\u00f1os. El menor hab\u00eda sido reportado como desaparecido el pasado viernes [&hellip;]<\/p>\n","protected":false},"author":1,"featured_media":8604,"comment_status":"open","ping_status":"open","sticky":false,"template":"","format":"standard","meta":{"footnotes":""},"categories":[1],"tags":[],"class_list":["post-8603","post","type-post","status-publish","format-standard","has-post-thumbnail","hentry","category-uncategorized"],"_links":{"self":[{"href":"https:\/\/rr.unv-informacion.xyz\/index.php?rest_route=\/wp\/v2\/posts\/8603","targetHints":{"allow":["GET"]}}],"collection":[{"href":"https:\/\/rr.unv-informacion.xyz\/index.php?rest_route=\/wp\/v2\/posts"}],"about":[{"href":"https:\/\/rr.unv-informacion.xyz\/index.php?rest_route=\/wp\/v2\/types\/post"}],"author":[{"embeddable":true,"href":"https:\/\/rr.unv-informacion.xyz\/index.php?rest_route=\/wp\/v2\/users\/1"}],"replies":[{"embeddable":true,"href":"https:\/\/rr.unv-informacion.xyz\/index.php?rest_route=%2Fwp%2Fv2%2Fcomments&post=8603"}],"version-history":[{"count":1,"href":"https:\/\/rr.unv-informacion.xyz\/index.php?rest_route=\/wp\/v2\/posts\/8603\/revisions"}],"predecessor-version":[{"id":8605,"href":"https:\/\/rr.unv-informacion.xyz\/index.php?rest_route=\/wp\/v2\/posts\/8603\/revisions\/8605"}],"wp:featuredmedia":[{"embeddable":true,"href":"https:\/\/rr.unv-informacion.xyz\/index.php?rest_route=\/wp\/v2\/media\/8604"}],"wp:attachment":[{"href":"https:\/\/rr.unv-informacion.xyz\/index.php?rest_route=%2Fwp%2Fv2%2Fmedia&parent=8603"}],"wp:term":[{"taxonomy":"category","embeddable":true,"href":"https:\/\/rr.unv-informacion.xyz\/index.php?rest_route=%2Fwp%2Fv2%2Fcategories&post=8603"},{"taxonomy":"post_tag","embeddable":true,"href":"https:\/\/rr.unv-informacion.xyz\/index.php?rest_route=%2Fwp%2Fv2%2Ftags&post=8603"}],"curies":[{"name":"wp","href":"https:\/\/api.w.org\/{rel}","templated":true}]}}