{"id":8606,"date":"2025-04-22T19:05:45","date_gmt":"2025-04-22T19:05:45","guid":{"rendered":"https:\/\/rr.unv-informacion.xyz\/?p=8606"},"modified":"2025-04-22T19:05:46","modified_gmt":"2025-04-22T19:05:46","slug":"las-primeras-fotos-en-el-velatorio-del-papa-francisco-en-su-capilla-privada-en-el-vaticano","status":"publish","type":"post","link":"https:\/\/rr.unv-informacion.xyz\/?p=8606","title":{"rendered":"Las Primeras fotos , en el velatorio del papa Francisco en su capilla privada en el Vaticano"},"content":{"rendered":"\n<p class=\"wp-block-paragraph\">El Vaticano public\u00f3 el martes las primeras im\u00e1genes del papa Francisco, que lo muestran en su ata\u00fad con el secretario de Estado del Vaticano rezando por \u00e9l.<\/p>\n\n\n\n<p class=\"wp-block-paragraph\">El cuerpo del papa Francisco yace en su capilla privada en el Vaticano.<\/p>\n\n\n\n<p class=\"wp-block-paragraph\">El cardenal Pietro Parolin, a la izquierda, reza ante el cuerpo del papa Francisco .<\/p>\n\n\n\n<p class=\"wp-block-paragraph\">El cuerpo del papa Francisco yace en su capilla privada en el Vaticano.<\/p>\n\n\n\n<figure class=\"wp-block-image size-full\"><img loading=\"lazy\" decoding=\"async\" width=\"1024\" height=\"682\" src=\"https:\/\/rr.unv-informacion.xyz\/wp-content\/uploads\/2025\/04\/68077f1b9b286-1024x682-1.jpg\" alt=\"\" class=\"wp-image-8607\" srcset=\"https:\/\/rr.unv-informacion.xyz\/wp-content\/uploads\/2025\/04\/68077f1b9b286-1024x682-1.jpg 1024w, https:\/\/rr.unv-informacion.xyz\/wp-content\/uploads\/2025\/04\/68077f1b9b286-1024x682-1-300x200.jpg 300w, https:\/\/rr.unv-informacion.xyz\/wp-content\/uploads\/2025\/04\/68077f1b9b286-1024x682-1-768x512.jpg 768w, https:\/\/rr.unv-informacion.xyz\/wp-content\/uploads\/2025\/04\/68077f1b9b286-1024x682-1-631x420.jpg 631w, https:\/\/rr.unv-informacion.xyz\/wp-content\/uploads\/2025\/04\/68077f1b9b286-1024x682-1-640x426.jpg 640w, https:\/\/rr.unv-informacion.xyz\/wp-content\/uploads\/2025\/04\/68077f1b9b286-1024x682-1-681x454.jpg 681w\" sizes=\"auto, (max-width: 1024px) 100vw, 1024px\" \/><\/figure>\n\n\n\n<figure class=\"wp-block-image size-full\"><img loading=\"lazy\" decoding=\"async\" width=\"1024\" height=\"681\" src=\"https:\/\/rr.unv-informacion.xyz\/wp-content\/uploads\/2025\/04\/680781148bbc9-1024x681-1.jpg\" alt=\"\" class=\"wp-image-8608\" srcset=\"https:\/\/rr.unv-informacion.xyz\/wp-content\/uploads\/2025\/04\/680781148bbc9-1024x681-1.jpg 1024w, https:\/\/rr.unv-informacion.xyz\/wp-content\/uploads\/2025\/04\/680781148bbc9-1024x681-1-300x200.jpg 300w, https:\/\/rr.unv-informacion.xyz\/wp-content\/uploads\/2025\/04\/680781148bbc9-1024x681-1-768x511.jpg 768w, https:\/\/rr.unv-informacion.xyz\/wp-content\/uploads\/2025\/04\/680781148bbc9-1024x681-1-632x420.jpg 632w, https:\/\/rr.unv-informacion.xyz\/wp-content\/uploads\/2025\/04\/680781148bbc9-1024x681-1-640x426.jpg 640w, https:\/\/rr.unv-informacion.xyz\/wp-content\/uploads\/2025\/04\/680781148bbc9-1024x681-1-681x453.jpg 681w\" sizes=\"auto, (max-width: 1024px) 100vw, 1024px\" \/><\/figure>\n\n\n\n<figure class=\"wp-block-image size-full\"><img loading=\"lazy\" decoding=\"async\" width=\"768\" height=\"512\" src=\"https:\/\/rr.unv-informacion.xyz\/wp-content\/uploads\/2025\/04\/6807814d195e0-768x512-1.jpg\" alt=\"\" class=\"wp-image-8609\" srcset=\"https:\/\/rr.unv-informacion.xyz\/wp-content\/uploads\/2025\/04\/6807814d195e0-768x512-1.jpg 768w, https:\/\/rr.unv-informacion.xyz\/wp-content\/uploads\/2025\/04\/6807814d195e0-768x512-1-300x200.jpg 300w, https:\/\/rr.unv-informacion.xyz\/wp-content\/uploads\/2025\/04\/6807814d195e0-768x512-1-630x420.jpg 630w, https:\/\/rr.unv-informacion.xyz\/wp-content\/uploads\/2025\/04\/6807814d195e0-768x512-1-640x427.jpg 640w, https:\/\/rr.unv-informacion.xyz\/wp-content\/uploads\/2025\/04\/6807814d195e0-768x512-1-681x454.jpg 681w\" sizes=\"auto, (max-width: 768px) 100vw, 768px\" \/><\/figure>\n\n\n\n<figure class=\"wp-block-image size-full\"><img loading=\"lazy\" decoding=\"async\" width=\"620\" height=\"931\" src=\"https:\/\/rr.unv-informacion.xyz\/wp-content\/uploads\/2025\/04\/68077f87262be.jpg\" alt=\"\" class=\"wp-image-8610\" srcset=\"https:\/\/rr.unv-informacion.xyz\/wp-content\/uploads\/2025\/04\/68077f87262be.jpg 620w, https:\/\/rr.unv-informacion.xyz\/wp-content\/uploads\/2025\/04\/68077f87262be-200x300.jpg 200w, https:\/\/rr.unv-informacion.xyz\/wp-content\/uploads\/2025\/04\/68077f87262be-280x420.jpg 280w\" sizes=\"auto, (max-width: 620px) 100vw, 620px\" \/><\/figure>\n","protected":false},"excerpt":{"rendered":"<p>El Vaticano public\u00f3 el martes las primeras im\u00e1genes del papa Francisco, que lo muestran en su ata\u00fad con el secretario de Estado del Vaticano rezando por \u00e9l. El cuerpo del papa Francisco yace en su capilla privada en el Vaticano. El cardenal Pietro Parolin, a la izquierda, reza ante el cuerpo del papa Francisco . [&hellip;]<\/p>\n","protected":false},"author":1,"featured_media":8607,"comment_status":"open","ping_status":"open","sticky":false,"template":"","format":"standard","meta":{"footnotes":""},"categories":[1],"tags":[],"class_list":["post-8606","post","type-post","status-publish","format-standard","has-post-thumbnail","hentry","category-uncategorized"],"_links":{"self":[{"href":"https:\/\/rr.unv-informacion.xyz\/index.php?rest_route=\/wp\/v2\/posts\/8606","targetHints":{"allow":["GET"]}}],"collection":[{"href":"https:\/\/rr.unv-informacion.xyz\/index.php?rest_route=\/wp\/v2\/posts"}],"about":[{"href":"https:\/\/rr.unv-informacion.xyz\/index.php?rest_route=\/wp\/v2\/types\/post"}],"author":[{"embeddable":true,"href":"https:\/\/rr.unv-informacion.xyz\/index.php?rest_route=\/wp\/v2\/users\/1"}],"replies":[{"embeddable":true,"href":"https:\/\/rr.unv-informacion.xyz\/index.php?rest_route=%2Fwp%2Fv2%2Fcomments&post=8606"}],"version-history":[{"count":1,"href":"https:\/\/rr.unv-informacion.xyz\/index.php?rest_route=\/wp\/v2\/posts\/8606\/revisions"}],"predecessor-version":[{"id":8611,"href":"https:\/\/rr.unv-informacion.xyz\/index.php?rest_route=\/wp\/v2\/posts\/8606\/revisions\/8611"}],"wp:featuredmedia":[{"embeddable":true,"href":"https:\/\/rr.unv-informacion.xyz\/index.php?rest_route=\/wp\/v2\/media\/8607"}],"wp:attachment":[{"href":"https:\/\/rr.unv-informacion.xyz\/index.php?rest_route=%2Fwp%2Fv2%2Fmedia&parent=8606"}],"wp:term":[{"taxonomy":"category","embeddable":true,"href":"https:\/\/rr.unv-informacion.xyz\/index.php?rest_route=%2Fwp%2Fv2%2Fcategories&post=8606"},{"taxonomy":"post_tag","embeddable":true,"href":"https:\/\/rr.unv-informacion.xyz\/index.php?rest_route=%2Fwp%2Fv2%2Ftags&post=8606"}],"curies":[{"name":"wp","href":"https:\/\/api.w.org\/{rel}","templated":true}]}}