{"id":8612,"date":"2025-04-22T19:08:51","date_gmt":"2025-04-22T19:08:51","guid":{"rendered":"https:\/\/rr.unv-informacion.xyz\/?p=8612"},"modified":"2025-04-22T19:08:51","modified_gmt":"2025-04-22T19:08:51","slug":"familias-grullon-rodriguez-y-estrella-recuerdan-a-los-suyos-con-misa-especial","status":"publish","type":"post","link":"https:\/\/rr.unv-informacion.xyz\/?p=8612","title":{"rendered":"Familias Grull\u00f3n, Rodr\u00edguez y Estrella recuerdan a los suyos con misa especial"},"content":{"rendered":"\n<p class=\"wp-block-paragraph\">\u201cEl Se\u00f1or es mi luz y mi salvaci\u00f3n\u201d, es la frase con la que las familias Grull\u00f3n, Rodr\u00edguez, Estrella y Segura invitan a la comunidad a unirse en un acto de fe, memoria y recogimiento por sus seres queridos, quienes perdieron la vida durante la tragedia ocurrida en la discoteca Jet Set la madrugada del martes 8 de abril.<\/p>\n\n\n\n<p class=\"wp-block-paragraph\">En un gesto de amor y respeto, han organizado una misa solemne en honor a la memoria de Eduardo Jos\u00e9 Grull\u00f3n Vi\u00f1as, Jhoanna Rodr\u00edguez de Grull\u00f3n, Eduardo Guarionex Estrella Cruz y Alexandra Mar\u00eda Grull\u00f3n de Estrella, cuya partida ha dejado un profundo vac\u00edo entre familiares, amigos y allegados.<\/p>\n\n\n\n<p class=\"wp-block-paragraph\">La ceremonia lit\u00fargica se celebrar\u00e1 el martes 22 de abril a las 11:00 de la ma\u00f1ana, en la Catedral Primada de Am\u00e9rica, ubicada en la Ciudad Colonial, lugar emblem\u00e1tico y de profundo valor espiritual para la fe cat\u00f3lica en el pa\u00eds.<\/p>\n\n\n\n<p class=\"wp-block-paragraph\">Con esta eucarist\u00eda, sus parientes buscan elevar oraciones por el descanso eterno de sus almas, confiando en que la luz de Dios les acompa\u00f1e en su viaje espiritual, mientras abrazan la esperanza en medio del duelo.<\/p>\n\n\n\n<p class=\"wp-block-paragraph\">La invitaci\u00f3n est\u00e1 abierta a todos aquellos que deseen acompa\u00f1arles en esta expresi\u00f3n de recogimiento, fe y solidaridad.<\/p>\n\n\n\n<p class=\"wp-block-paragraph\">El acto ser\u00e1 una oportunidad para rendir homenaje a cuatro figuras muy queridas y recordadas por su compromiso familiar, entrega social y legado humano, en un contexto marcado a\u00fan por el dolor que dej\u00f3 la tragedia del Jet Set, considerada uno de los eventos m\u00e1s conmovedores del a\u00f1o en la vida nacional.<\/p>\n\n\n\n<p class=\"wp-block-paragraph\">La familia agradece la presencia y el apoyo espiritual de quienes decidan asistir, pidiendo a Dios consuelo y fortaleza ante una p\u00e9rdida que sigue estremeciendo al pa\u00eds.<\/p>\n\n\n\n<figure class=\"wp-block-image size-full\"><img loading=\"lazy\" decoding=\"async\" width=\"671\" height=\"837\" src=\"https:\/\/rr.unv-informacion.xyz\/wp-content\/uploads\/2025\/04\/mii.jpg\" alt=\"\" class=\"wp-image-8613\" srcset=\"https:\/\/rr.unv-informacion.xyz\/wp-content\/uploads\/2025\/04\/mii.jpg 671w, https:\/\/rr.unv-informacion.xyz\/wp-content\/uploads\/2025\/04\/mii-241x300.jpg 241w, https:\/\/rr.unv-informacion.xyz\/wp-content\/uploads\/2025\/04\/mii-337x420.jpg 337w, https:\/\/rr.unv-informacion.xyz\/wp-content\/uploads\/2025\/04\/mii-640x798.jpg 640w\" sizes=\"auto, (max-width: 671px) 100vw, 671px\" \/><\/figure>\n\n\n\n<figure class=\"wp-block-image size-full\"><img loading=\"lazy\" decoding=\"async\" width=\"956\" height=\"588\" src=\"https:\/\/rr.unv-informacion.xyz\/wp-content\/uploads\/2025\/04\/Grupo-popular-834x694-1-650x400-1.jpg\" alt=\"\" class=\"wp-image-8614\" srcset=\"https:\/\/rr.unv-informacion.xyz\/wp-content\/uploads\/2025\/04\/Grupo-popular-834x694-1-650x400-1.jpg 956w, https:\/\/rr.unv-informacion.xyz\/wp-content\/uploads\/2025\/04\/Grupo-popular-834x694-1-650x400-1-300x185.jpg 300w, https:\/\/rr.unv-informacion.xyz\/wp-content\/uploads\/2025\/04\/Grupo-popular-834x694-1-650x400-1-768x472.jpg 768w, https:\/\/rr.unv-informacion.xyz\/wp-content\/uploads\/2025\/04\/Grupo-popular-834x694-1-650x400-1-683x420.jpg 683w, https:\/\/rr.unv-informacion.xyz\/wp-content\/uploads\/2025\/04\/Grupo-popular-834x694-1-650x400-1-640x394.jpg 640w, https:\/\/rr.unv-informacion.xyz\/wp-content\/uploads\/2025\/04\/Grupo-popular-834x694-1-650x400-1-681x419.jpg 681w\" sizes=\"auto, (max-width: 956px) 100vw, 956px\" \/><\/figure>\n","protected":false},"excerpt":{"rendered":"<p>\u201cEl Se\u00f1or es mi luz y mi salvaci\u00f3n\u201d, es la frase con la que las familias Grull\u00f3n, Rodr\u00edguez, Estrella y Segura invitan a la comunidad a unirse en un acto de fe, memoria y recogimiento por sus seres queridos, quienes perdieron la vida durante la tragedia ocurrida en la discoteca Jet Set la madrugada del [&hellip;]<\/p>\n","protected":false},"author":1,"featured_media":8614,"comment_status":"open","ping_status":"open","sticky":false,"template":"","format":"standard","meta":{"footnotes":""},"categories":[1],"tags":[],"class_list":["post-8612","post","type-post","status-publish","format-standard","has-post-thumbnail","hentry","category-uncategorized"],"_links":{"self":[{"href":"https:\/\/rr.unv-informacion.xyz\/index.php?rest_route=\/wp\/v2\/posts\/8612","targetHints":{"allow":["GET"]}}],"collection":[{"href":"https:\/\/rr.unv-informacion.xyz\/index.php?rest_route=\/wp\/v2\/posts"}],"about":[{"href":"https:\/\/rr.unv-informacion.xyz\/index.php?rest_route=\/wp\/v2\/types\/post"}],"author":[{"embeddable":true,"href":"https:\/\/rr.unv-informacion.xyz\/index.php?rest_route=\/wp\/v2\/users\/1"}],"replies":[{"embeddable":true,"href":"https:\/\/rr.unv-informacion.xyz\/index.php?rest_route=%2Fwp%2Fv2%2Fcomments&post=8612"}],"version-history":[{"count":1,"href":"https:\/\/rr.unv-informacion.xyz\/index.php?rest_route=\/wp\/v2\/posts\/8612\/revisions"}],"predecessor-version":[{"id":8615,"href":"https:\/\/rr.unv-informacion.xyz\/index.php?rest_route=\/wp\/v2\/posts\/8612\/revisions\/8615"}],"wp:featuredmedia":[{"embeddable":true,"href":"https:\/\/rr.unv-informacion.xyz\/index.php?rest_route=\/wp\/v2\/media\/8614"}],"wp:attachment":[{"href":"https:\/\/rr.unv-informacion.xyz\/index.php?rest_route=%2Fwp%2Fv2%2Fmedia&parent=8612"}],"wp:term":[{"taxonomy":"category","embeddable":true,"href":"https:\/\/rr.unv-informacion.xyz\/index.php?rest_route=%2Fwp%2Fv2%2Fcategories&post=8612"},{"taxonomy":"post_tag","embeddable":true,"href":"https:\/\/rr.unv-informacion.xyz\/index.php?rest_route=%2Fwp%2Fv2%2Ftags&post=8612"}],"curies":[{"name":"wp","href":"https:\/\/api.w.org\/{rel}","templated":true}]}}