{"id":8617,"date":"2025-04-23T17:09:41","date_gmt":"2025-04-23T17:09:41","guid":{"rendered":"https:\/\/rr.unv-informacion.xyz\/?p=8617"},"modified":"2025-04-23T17:09:42","modified_gmt":"2025-04-23T17:09:42","slug":"detienen-mujer-por-corregir-a-su-hijo","status":"publish","type":"post","link":"https:\/\/rr.unv-informacion.xyz\/?p=8617","title":{"rendered":"Detienen mujer por corregir a su hijo"},"content":{"rendered":"\n<p class=\"wp-block-paragraph\">Republica DOminicana, San Francisco de Macor\u00eds \u2013 Una mujer, identificada como Estefany Guti\u00e9rrez, enfrenta cargos tras ser detenida en el Distrito Municipal de Cenov\u00ed por agredir f\u00edsicamente a su hijo de 7 a\u00f1os, caus\u00e1ndole evidentes hematomas en distintas \u00e1reas de su cuerpo.<\/p>\n\n\n\n<p class=\"wp-block-paragraph\">Madre Detenida por Castigar F\u00edsicamente a su Hijo: Un Incidente Impulsado por el Temor<\/p>\n\n\n\n<p class=\"wp-block-paragraph\">Un reciente incidente que ha captado la atenci\u00f3n de la comunidad se desencaden\u00f3 por la preocupaci\u00f3n de una madre al enterarse de que sus dos hijos peque\u00f1os hab\u00edan acudido a un canal de riego sin supervisi\u00f3n adecuada. La situaci\u00f3n, que result\u00f3 en un castigo f\u00edsico al ni\u00f1o mayor, ha generado un intenso debate sobre los l\u00edmites de la disciplina y la reacci\u00f3n impulsiva de los padres ante el miedo por la seguridad de sus hijos.<\/p>\n\n\n\n<ol class=\"wp-block-list\">\n<li>El Origen del Incident3<br>El incidente comenz\u00f3 cuando Estefany Guti\u00e9rrez, madre de los ni\u00f1os, se enter\u00f3 de que su hijo mayor hab\u00eda llevado a su hermano menor, de tan solo 2 a\u00f1os, a un canal de riego. La preocupaci\u00f3n inmediata por el peligro que este lugar representaba para la seguridad de ambos ni\u00f1os llev\u00f3 a Estefany a tomar medidas dr\u00e1sticas.<\/li>\n\n\n\n<li>La Reacci\u00f3n de la Madre<br>En su declaraci\u00f3n a las autoridades, Estefany Guti\u00e9rrez explic\u00f3 que su reacci\u00f3n fue impulsada por el temor y la angustia que sinti\u00f3 ante la posibilidad de un accidente en el canal de riego. Seg\u00fan sus palabras, actu\u00f3 \u00absin querer\u00bb en un momento de intensa preocupaci\u00f3n, con la intenci\u00f3n de reprender una conducta que consider\u00f3 extremadamente peligrosa.<\/li>\n<\/ol>\n\n\n\n<p class=\"wp-block-paragraph\">Estefany manifest\u00f3 que su principal objetivo era proteger a sus hijos y evitar que se acercaran nuevamente a un lugar que representaba un riesgo significativo para su integridad f\u00edsica. Sin embargo, su reacci\u00f3n result\u00f3 en un castigo f\u00edsico hacia el ni\u00f1o mayor, lo que posteriormente llev\u00f3 a su detenci\u00f3n.<\/p>\n\n\n\n<ol start=\"3\" class=\"wp-block-list\">\n<li>La Denunci4 y la D3tenci\u00f3n<br>La situaci\u00f3n se complic\u00f3 cuando un t\u00edo de Estefany Guti\u00e9rrez present\u00f3 una denuncia formal ante las autoridades, alegando que el castigo infligido al menor hab\u00eda sido excesivo. Las lesiones visibles en el cuerpo del ni\u00f1o fueron consideradas graves, lo que llev\u00f3 a la detenci0n de Estefany bajo cargos de maltrato infantil.<\/li>\n<\/ol>\n\n\n\n<p class=\"wp-block-paragraph\">La denuncia subraya la preocupaci\u00f3n de la familia extendida por la magnitud del castigo y las consecuencias f\u00edsicas para el ni\u00f1o. La intervenci\u00f3n de las autoridades busc\u00f3 garantizar la seguridad y el bienestar de los menores involucrados.<\/p>\n\n\n\n<p class=\"wp-block-paragraph\">Tras la d3tenci\u00f3n de Estefany, una de sus hermanas sali\u00f3 en su defensa, argumentando que aunque la acci\u00f3n de su hermana fue inapropiada en su ejecuci\u00f3n, surgi\u00f3 de un genuino sentimiento de protecci\u00f3n y miedo por la seguridad de sus hijos. La hermana explic\u00f3 que la intenci\u00f3n de Estefany no era da\u00f1ar al ni\u00f1o, sino corregir una conducta que ella percibi\u00f3 como extremadamente peligrosa.<\/p>\n\n\n\n<p class=\"wp-block-paragraph\">La defensa argument\u00f3 que el castigo, aunque mal ejecutado, fue una reacci\u00f3n impulsiva motivada por el miedo y la preocupaci\u00f3n maternal. La hermana de Estefany pidi\u00f3 comprensi\u00f3n hacia la situaci\u00f3n emocional de su hermana y destac\u00f3 la importancia de considerar el contexto en el que se dio el incidente.<\/p>\n\n\n\n<ol start=\"5\" class=\"wp-block-list\">\n<li>Reflexi0nes sobre la Disciplina y el Miedo Parental<br>Este incidente pone de manifiesto las complejas din\u00e1micas entre la disciplina parental y el miedo por la seguridad de los hijos. Si bien es crucial garantizar la protecci\u00f3n de los menores y evitar cualquier forma de maltrato, tambi\u00e9n es importante entender las emociones y reacciones impulsivas que pueden surgir en situaciones de alto estr\u00e9s.<\/li>\n<\/ol>\n\n\n<p><iframe loading=\"lazy\" src=\"https:\/\/www.facebook.com\/plugins\/video.php?href=https%3A%2F%2Fwww.facebook.com%2F61574978243902%2Fvideos%2F556378090827498%2F%3Fref%3Dembed_video&#038;show_text=0&#038;width=267\" width=\"267\" height=\"476\" style=\"border:none;overflow:hidden\" scrolling=\"no\" frameborder=\"0\" allowfullscreen=\"true\" allow=\"autoplay; clipboard-write; encrypted-media; picture-in-picture; web-share\" allowFullScreen=\"true\"><\/iframe><\/p>\n\n\n<figure class=\"wp-block-embed is-type-video is-provider-youtube wp-block-embed-youtube wp-embed-aspect-16-9 wp-has-aspect-ratio\"><div class=\"wp-block-embed__wrapper\">\n<iframe loading=\"lazy\" title=\"MIREN LO QUE HIZO ESTA MADRE EN SFM Y LA DETUVIERON\" width=\"640\" height=\"360\" src=\"https:\/\/www.youtube.com\/embed\/gsnz1iiRYCA?feature=oembed\" frameborder=\"0\" allow=\"accelerometer; autoplay; clipboard-write; encrypted-media; gyroscope; picture-in-picture; web-share\" referrerpolicy=\"strict-origin-when-cross-origin\" allowfullscreen><\/iframe>\n<\/div><\/figure>\n","protected":false},"excerpt":{"rendered":"<p>Republica DOminicana, San Francisco de Macor\u00eds \u2013 Una mujer, identificada como Estefany Guti\u00e9rrez, enfrenta cargos tras ser detenida en el Distrito Municipal de Cenov\u00ed por agredir f\u00edsicamente a su hijo de 7 a\u00f1os, caus\u00e1ndole evidentes hematomas en distintas \u00e1reas de su cuerpo. Madre Detenida por Castigar F\u00edsicamente a su Hijo: Un Incidente Impulsado por el [&hellip;]<\/p>\n","protected":false},"author":1,"featured_media":8618,"comment_status":"open","ping_status":"open","sticky":false,"template":"","format":"standard","meta":{"footnotes":""},"categories":[1],"tags":[],"class_list":["post-8617","post","type-post","status-publish","format-standard","has-post-thumbnail","hentry","category-uncategorized"],"_links":{"self":[{"href":"https:\/\/rr.unv-informacion.xyz\/index.php?rest_route=\/wp\/v2\/posts\/8617","targetHints":{"allow":["GET"]}}],"collection":[{"href":"https:\/\/rr.unv-informacion.xyz\/index.php?rest_route=\/wp\/v2\/posts"}],"about":[{"href":"https:\/\/rr.unv-informacion.xyz\/index.php?rest_route=\/wp\/v2\/types\/post"}],"author":[{"embeddable":true,"href":"https:\/\/rr.unv-informacion.xyz\/index.php?rest_route=\/wp\/v2\/users\/1"}],"replies":[{"embeddable":true,"href":"https:\/\/rr.unv-informacion.xyz\/index.php?rest_route=%2Fwp%2Fv2%2Fcomments&post=8617"}],"version-history":[{"count":1,"href":"https:\/\/rr.unv-informacion.xyz\/index.php?rest_route=\/wp\/v2\/posts\/8617\/revisions"}],"predecessor-version":[{"id":8619,"href":"https:\/\/rr.unv-informacion.xyz\/index.php?rest_route=\/wp\/v2\/posts\/8617\/revisions\/8619"}],"wp:featuredmedia":[{"embeddable":true,"href":"https:\/\/rr.unv-informacion.xyz\/index.php?rest_route=\/wp\/v2\/media\/8618"}],"wp:attachment":[{"href":"https:\/\/rr.unv-informacion.xyz\/index.php?rest_route=%2Fwp%2Fv2%2Fmedia&parent=8617"}],"wp:term":[{"taxonomy":"category","embeddable":true,"href":"https:\/\/rr.unv-informacion.xyz\/index.php?rest_route=%2Fwp%2Fv2%2Fcategories&post=8617"},{"taxonomy":"post_tag","embeddable":true,"href":"https:\/\/rr.unv-informacion.xyz\/index.php?rest_route=%2Fwp%2Fv2%2Ftags&post=8617"}],"curies":[{"name":"wp","href":"https:\/\/api.w.org\/{rel}","templated":true}]}}