{"id":8633,"date":"2025-04-24T16:09:25","date_gmt":"2025-04-24T16:09:25","guid":{"rendered":"https:\/\/rr.unv-informacion.xyz\/?p=8633"},"modified":"2025-04-24T16:09:25","modified_gmt":"2025-04-24T16:09:25","slug":"falla-en-el-metro-de-sd-genera-tapon-de-usuarios-en-hora-pico","status":"publish","type":"post","link":"https:\/\/rr.unv-informacion.xyz\/?p=8633","title":{"rendered":"Falla en el Metro de SD genera tap\u00f3n de usuarios en hora pico"},"content":{"rendered":"\n<p class=\"wp-block-paragraph\">Justo cuando la ciudad comenzaba su tr\u00e1nsito de retorno tras la jornada laboral, una interrupci\u00f3n inesperada en el servicio de la L\u00ednea 2 del Metro de Santo Domingo dej\u00f3 varados a cientos de usuarios este martes, generando escenas de desconcierto y molestia en varias estaciones del sistema.<\/p>\n\n\n\n<p class=\"wp-block-paragraph\">Eran las 5:30 de la tarde cuando los trenes se detuvieron sin previo aviso, paralizando completamente el recorrido habitual y dejando sin transporte a quienes se encontraban en plena hora pico.<\/p>\n\n\n\n<p class=\"wp-block-paragraph\">Durante m\u00e1s de 20 minutos, el flujo del sistema qued\u00f3 inactivo, sin que las autoridades ofrecieran explicaciones detalladas a los pasajeros afectados.<\/p>\n\n\n\n<p class=\"wp-block-paragraph\">Con rostros de impaciencia y visible frustraci\u00f3n, los usuarios se agolparon en los andenes esperando alguna respuesta oficial.<\/p>\n\n\n\n<p class=\"wp-block-paragraph\">Sin embargo, lo \u00fanico que recibieron fue la instrucci\u00f3n de abandonar las estaciones y buscar m\u00e9todos de transporte alternativos, una medida que increment\u00f3 la confusi\u00f3n, especialmente entre quienes no ten\u00edan acceso inmediato a otros medios.<\/p>\n\n\n\n<p class=\"wp-block-paragraph\">Muchos de los afectados intentaban regresar a sus hogares luego de una larga jornada de trabajo, y la falta de informaci\u00f3n precisa por parte del personal de seguridad del Metro solo intensific\u00f3 el malestar general.<\/p>\n\n\n\n<p class=\"wp-block-paragraph\">\u00abNos dijeron que sali\u00e9ramos, pero no sab\u00edamos si era un fallo t\u00e9cnico o algo m\u00e1s grave\u00bb, coment\u00f3 una usuaria que se encontraba en la estaci\u00f3n Mar\u00eda Montez.<\/p>\n\n\n\n<p class=\"wp-block-paragraph\">A pesar del impacto generado, hasta el momento no se ha emitido un comunicado formal del Oficial del Metro de Santo Domingo explicando la causa de la interrupci\u00f3n, ni si se tomar\u00e1n medidas para evitar que este tipo de incidentes vuelva a ocurrir en horarios cr\u00edticos.<\/p>\n\n\n\n<p class=\"wp-block-paragraph\">Desde hoy, los pasajeros frecuentes de esta importante l\u00ednea de transporte masivo exigen mayor claridad en la comunicaci\u00f3n ante imprevistos y garant\u00edas m\u00ednimas para su seguridad y movilidad.<\/p>\n","protected":false},"excerpt":{"rendered":"<p>Justo cuando la ciudad comenzaba su tr\u00e1nsito de retorno tras la jornada laboral, una interrupci\u00f3n inesperada en el servicio de la L\u00ednea 2 del Metro de Santo Domingo dej\u00f3 varados a cientos de usuarios este martes, generando escenas de desconcierto y molestia en varias estaciones del sistema. Eran las 5:30 de la tarde cuando los [&hellip;]<\/p>\n","protected":false},"author":1,"featured_media":8634,"comment_status":"open","ping_status":"open","sticky":false,"template":"","format":"standard","meta":{"footnotes":""},"categories":[1],"tags":[],"class_list":["post-8633","post","type-post","status-publish","format-standard","has-post-thumbnail","hentry","category-uncategorized"],"_links":{"self":[{"href":"https:\/\/rr.unv-informacion.xyz\/index.php?rest_route=\/wp\/v2\/posts\/8633","targetHints":{"allow":["GET"]}}],"collection":[{"href":"https:\/\/rr.unv-informacion.xyz\/index.php?rest_route=\/wp\/v2\/posts"}],"about":[{"href":"https:\/\/rr.unv-informacion.xyz\/index.php?rest_route=\/wp\/v2\/types\/post"}],"author":[{"embeddable":true,"href":"https:\/\/rr.unv-informacion.xyz\/index.php?rest_route=\/wp\/v2\/users\/1"}],"replies":[{"embeddable":true,"href":"https:\/\/rr.unv-informacion.xyz\/index.php?rest_route=%2Fwp%2Fv2%2Fcomments&post=8633"}],"version-history":[{"count":1,"href":"https:\/\/rr.unv-informacion.xyz\/index.php?rest_route=\/wp\/v2\/posts\/8633\/revisions"}],"predecessor-version":[{"id":8635,"href":"https:\/\/rr.unv-informacion.xyz\/index.php?rest_route=\/wp\/v2\/posts\/8633\/revisions\/8635"}],"wp:featuredmedia":[{"embeddable":true,"href":"https:\/\/rr.unv-informacion.xyz\/index.php?rest_route=\/wp\/v2\/media\/8634"}],"wp:attachment":[{"href":"https:\/\/rr.unv-informacion.xyz\/index.php?rest_route=%2Fwp%2Fv2%2Fmedia&parent=8633"}],"wp:term":[{"taxonomy":"category","embeddable":true,"href":"https:\/\/rr.unv-informacion.xyz\/index.php?rest_route=%2Fwp%2Fv2%2Fcategories&post=8633"},{"taxonomy":"post_tag","embeddable":true,"href":"https:\/\/rr.unv-informacion.xyz\/index.php?rest_route=%2Fwp%2Fv2%2Ftags&post=8633"}],"curies":[{"name":"wp","href":"https:\/\/api.w.org\/{rel}","templated":true}]}}