{"id":8638,"date":"2025-04-25T18:26:12","date_gmt":"2025-04-25T18:26:12","guid":{"rendered":"https:\/\/rr.unv-informacion.xyz\/?p=8638"},"modified":"2025-04-25T18:26:13","modified_gmt":"2025-04-25T18:26:13","slug":"joven-de-gualey-sufre-triste-desenlace-tras-complicacion-en-el-parto","status":"publish","type":"post","link":"https:\/\/rr.unv-informacion.xyz\/?p=8638","title":{"rendered":"Joven de Gualey sufre triste desenlace tras complicaci\u00f3n en el parto"},"content":{"rendered":"\n<p class=\"wp-block-paragraph\">La comunidad de Gualey permanece consternada tras el tr\u00e1gico evento que cobr\u00f3 la vida de la joven Radhaysy D\u00edaz Puello, de apenas 22 a\u00f1os, quien falleci\u00f3 en el hospital Juan Pablo Pina de San Crist\u00f3bal a causa de una complicaci\u00f3n surgida durante el parto.<\/p>\n\n\n\n<p class=\"wp-block-paragraph\">Radhaysy era hija de la reconocida dirigente comunitaria Eddy Reyes Puello, una mujer entregada durante a\u00f1os a las causas sociales del distrito de Pizarrete y todo Gualey, donde el dolor se ha hecho sentir en cada esquina tras conocerse la noticia.<\/p>\n\n\n\n<p class=\"wp-block-paragraph\">La joven, querida por vecinos y allegados, fue descrita como carism\u00e1tica y solidaria, una figura joven con una vida llena de proyectos que qued\u00f3 abruptamente interrumpida.<\/p>\n\n\n\n<p class=\"wp-block-paragraph\">El deceso ocurri\u00f3 mientras recib\u00eda asistencia m\u00e9dica en un centro hospitalario que, seg\u00fan moradores, no respondi\u00f3 con la celeridad y eficacia necesarias en un momento cr\u00edtico.<\/p>\n\n\n\n<p class=\"wp-block-paragraph\">Hasta ahora, las autoridades m\u00e9dicas no han ofrecido detalles espec\u00edficos sobre la complicaci\u00f3n que provoc\u00f3 el desenlace fatal, pero el caso ha revivido las alarmas sobre el estado de los servicios de salud materna en la regi\u00f3n.<\/p>\n\n\n\n<p class=\"wp-block-paragraph\">La p\u00e9rdida de Radhaysy no solo enluta a su madre, una figura clave del liderazgo comunitario local, sino que ha generado una ola de solidaridad entre los habitantes de la provincia Peravia, quienes han acompa\u00f1ado a la familia con oraciones, visitas y mensajes de aliento.<\/p>\n\n\n\n<p class=\"wp-block-paragraph\">Las redes sociales y los espacios comunitarios se han convertido en tribunas de tributo a una joven que, seg\u00fan quienes la conocieron, viv\u00eda con entusiasmo y generosidad.<\/p>\n\n\n\n<p class=\"wp-block-paragraph\">A partir de este caso, numerosas voces se han alzado pidiendo al Estado dominicano reforzar las condiciones y los protocolos de respuesta en los hospitales p\u00fablicos, especialmente en las \u00e1reas de ginecolog\u00eda y obstetricia, donde cada minuto puede hacer la diferencia entre la vida y la tragedia.<\/p>\n\n\n\n<p class=\"wp-block-paragraph\">Familiares, amigos y compa\u00f1eros comunitarios se han reunido para rendir homenaje a la memoria de Radhaysy, resaltando su alegr\u00eda, sus sue\u00f1os y el ejemplo de una juventud comprometida con su gente.<\/p>\n\n\n\n<figure class=\"wp-block-image size-full\"><img loading=\"lazy\" decoding=\"async\" width=\"615\" height=\"913\" src=\"https:\/\/rr.unv-informacion.xyz\/wp-content\/uploads\/2025\/04\/Captura-de-pantalla-2025-04-24-100737-1.jpg\" alt=\"\" class=\"wp-image-8639\" srcset=\"https:\/\/rr.unv-informacion.xyz\/wp-content\/uploads\/2025\/04\/Captura-de-pantalla-2025-04-24-100737-1.jpg 615w, https:\/\/rr.unv-informacion.xyz\/wp-content\/uploads\/2025\/04\/Captura-de-pantalla-2025-04-24-100737-1-202x300.jpg 202w, https:\/\/rr.unv-informacion.xyz\/wp-content\/uploads\/2025\/04\/Captura-de-pantalla-2025-04-24-100737-1-283x420.jpg 283w\" sizes=\"auto, (max-width: 615px) 100vw, 615px\" \/><\/figure>\n\n\n<iframe loading=\"lazy\" src=\"https:\/\/www.facebook.com\/plugins\/video.php?href=https%3A%2F%2Fwww.facebook.com%2FBANLEOTV%2Fvideos%2F659165806965401%2F%3Fref%3Dembed_video&#038;show_text=0&#038;width=267\" width=\"267\" height=\"476\" style=\"border:none;overflow:hidden\" scrolling=\"no\" frameborder=\"0\" allowfullscreen=\"true\" allow=\"autoplay; clipboard-write; encrypted-media; picture-in-picture; web-share\" allowFullScreen=\"true\"><\/iframe>","protected":false},"excerpt":{"rendered":"<p>La comunidad de Gualey permanece consternada tras el tr\u00e1gico evento que cobr\u00f3 la vida de la joven Radhaysy D\u00edaz Puello, de apenas 22 a\u00f1os, quien falleci\u00f3 en el hospital Juan Pablo Pina de San Crist\u00f3bal a causa de una complicaci\u00f3n surgida durante el parto. Radhaysy era hija de la reconocida dirigente comunitaria Eddy Reyes Puello, [&hellip;]<\/p>\n","protected":false},"author":1,"featured_media":8639,"comment_status":"open","ping_status":"open","sticky":false,"template":"","format":"standard","meta":{"footnotes":""},"categories":[1],"tags":[],"class_list":["post-8638","post","type-post","status-publish","format-standard","has-post-thumbnail","hentry","category-uncategorized"],"_links":{"self":[{"href":"https:\/\/rr.unv-informacion.xyz\/index.php?rest_route=\/wp\/v2\/posts\/8638","targetHints":{"allow":["GET"]}}],"collection":[{"href":"https:\/\/rr.unv-informacion.xyz\/index.php?rest_route=\/wp\/v2\/posts"}],"about":[{"href":"https:\/\/rr.unv-informacion.xyz\/index.php?rest_route=\/wp\/v2\/types\/post"}],"author":[{"embeddable":true,"href":"https:\/\/rr.unv-informacion.xyz\/index.php?rest_route=\/wp\/v2\/users\/1"}],"replies":[{"embeddable":true,"href":"https:\/\/rr.unv-informacion.xyz\/index.php?rest_route=%2Fwp%2Fv2%2Fcomments&post=8638"}],"version-history":[{"count":1,"href":"https:\/\/rr.unv-informacion.xyz\/index.php?rest_route=\/wp\/v2\/posts\/8638\/revisions"}],"predecessor-version":[{"id":8640,"href":"https:\/\/rr.unv-informacion.xyz\/index.php?rest_route=\/wp\/v2\/posts\/8638\/revisions\/8640"}],"wp:featuredmedia":[{"embeddable":true,"href":"https:\/\/rr.unv-informacion.xyz\/index.php?rest_route=\/wp\/v2\/media\/8639"}],"wp:attachment":[{"href":"https:\/\/rr.unv-informacion.xyz\/index.php?rest_route=%2Fwp%2Fv2%2Fmedia&parent=8638"}],"wp:term":[{"taxonomy":"category","embeddable":true,"href":"https:\/\/rr.unv-informacion.xyz\/index.php?rest_route=%2Fwp%2Fv2%2Fcategories&post=8638"},{"taxonomy":"post_tag","embeddable":true,"href":"https:\/\/rr.unv-informacion.xyz\/index.php?rest_route=%2Fwp%2Fv2%2Ftags&post=8638"}],"curies":[{"name":"wp","href":"https:\/\/api.w.org\/{rel}","templated":true}]}}