{"id":8657,"date":"2025-04-26T16:04:06","date_gmt":"2025-04-26T16:04:06","guid":{"rendered":"https:\/\/rr.unv-informacion.xyz\/?p=8657"},"modified":"2025-04-26T16:04:07","modified_gmt":"2025-04-26T16:04:07","slug":"lo-que-paso-el-tipo-de-san-cristobal-el-que-acab0-con-el-pequenito","status":"publish","type":"post","link":"https:\/\/rr.unv-informacion.xyz\/?p=8657","title":{"rendered":"Lo que pas\u00f3 el tipo de san Crist\u00f3bal el que acab0 con el peque\u00f1ito"},"content":{"rendered":"\n<p class=\"wp-block-paragraph\">Rep\u00fablica Dominicana, Direcci\u00f3n de Servicios Penitenciarios confirma que el imputado est\u00e1 estable y recibe atenci\u00f3n m\u00e9dica tras presunto intento de suicidio.<\/p>\n\n\n\n<p class=\"wp-block-paragraph\">Jes\u00fas Alberto Camacho Decena, acusado de raptar, abusar y asesinar al ni\u00f1o \u00c1ngel Jos\u00e9 Mercedes Mora, de 9 a\u00f1os de edad, en San Crist\u00f3bal,habr\u00eda intentado quitarse la vida mientras se encontraba en el Centro de Correcci\u00f3n y Rehabilitaci\u00f3n Najayo Hombres, seg\u00fan inform\u00f3 la Direcci\u00f3n General de Servicios Penitenciarios la tarde de este viernes.<\/p>\n\n\n\n<p class=\"wp-block-paragraph\">La instituci\u00f3n se\u00f1al\u00f3 que el imputado se encuentra en condici\u00f3n estable y bajo supervisi\u00f3n m\u00e9dica. Por el momento, las autoridades no han ofrecido mayores detalles sobre el hecho, por lo que se desconoce de qu\u00e9 forma Jes\u00fas Camacho Decena habr\u00eda intentado atentar contra su vida.<\/p>\n\n\n\n<p class=\"wp-block-paragraph\">Tampoco se ha confirmado si el video que circula en redes sociales, el cual obtuvimos de Noticia Telemicro, en el que aparece un hombre tendido en el suelo, corresponde efectivamente al imputado, esto \u00faltimo seg\u00fan informaci\u00f3n proporcionada por Diario Libre. Adem\u00e1s, el medio N Digital tambi\u00e9n ha confirmado esta informaci\u00f3n.<\/p>\n\n\n\n<p class=\"wp-block-paragraph\">La posible tentativa de suicidio ocurri\u00f3 tan solo un d\u00eda despu\u00e9s de que la Oficina de Atenci\u00f3n Permanente de San Crist\u00f3bal dictara tres meses de prisi\u00f3npreventiva contra Camacho Decena. Esta medida fue tomada como parte del proceso judicial que se sigue en su contra por el caso del ni\u00f1o \u00c1ngel Jos\u00e9.<\/p>\n\n\n\n<p class=\"wp-block-paragraph\">Durante el desarrollo de la investigaci\u00f3n, las autoridades obtuvieron im\u00e1genes clave captadas por c\u00e1maras de seguridad en un establecimiento de comida r\u00e1pida ubicado en la calle Constituci\u00f3n esquina carretera La Toma.<\/p>\n\n\n\n<p class=\"wp-block-paragraph\">En las im\u00e1genes se puede observar al ni\u00f1o junto a un hombre de tez india, contextura delgada, vestido con ropa deportiva azul, subido en una motocicleta marca Bajaj, color negro.<\/p>\n\n\n\n<p class=\"wp-block-paragraph\">La Polic\u00eda Nacional inform\u00f3 que, tras ser arrestado, el acusado confes\u00f3 que se gan\u00f3 la confianza del menor ofreci\u00e9ndole alimentos.<\/p>\n\n\n\n<figure class=\"wp-block-embed is-type-video is-provider-youtube wp-block-embed-youtube wp-embed-aspect-4-3 wp-has-aspect-ratio\"><div class=\"wp-block-embed__wrapper\">\n<iframe loading=\"lazy\" title=\"Lo que hizo el tipo que le quit\u00f3 la vid4 ni\u00f10 en san Crist\u00f3bal\" width=\"640\" height=\"480\" src=\"https:\/\/www.youtube.com\/embed\/fxgwJTwc4Qo?feature=oembed\" frameborder=\"0\" allow=\"accelerometer; autoplay; clipboard-write; encrypted-media; gyroscope; picture-in-picture; web-share\" referrerpolicy=\"strict-origin-when-cross-origin\" allowfullscreen><\/iframe>\n<\/div><\/figure>\n\n\n\n<p class=\"wp-block-paragraph\"><a href=\"https:\/\/lasimagenesdeloshechos.com\/jesus-alberto-camacho-decena\/\">IMAGEN FUERTE<\/a><\/p>\n","protected":false},"excerpt":{"rendered":"<p>Rep\u00fablica Dominicana, Direcci\u00f3n de Servicios Penitenciarios confirma que el imputado est\u00e1 estable y recibe atenci\u00f3n m\u00e9dica tras presunto intento de suicidio. Jes\u00fas Alberto Camacho Decena, acusado de raptar, abusar y asesinar al ni\u00f1o \u00c1ngel Jos\u00e9 Mercedes Mora, de 9 a\u00f1os de edad, en San Crist\u00f3bal,habr\u00eda intentado quitarse la vida mientras se encontraba en el Centro [&hellip;]<\/p>\n","protected":false},"author":1,"featured_media":8658,"comment_status":"open","ping_status":"open","sticky":false,"template":"","format":"standard","meta":{"footnotes":""},"categories":[1],"tags":[],"class_list":["post-8657","post","type-post","status-publish","format-standard","has-post-thumbnail","hentry","category-uncategorized"],"_links":{"self":[{"href":"https:\/\/rr.unv-informacion.xyz\/index.php?rest_route=\/wp\/v2\/posts\/8657","targetHints":{"allow":["GET"]}}],"collection":[{"href":"https:\/\/rr.unv-informacion.xyz\/index.php?rest_route=\/wp\/v2\/posts"}],"about":[{"href":"https:\/\/rr.unv-informacion.xyz\/index.php?rest_route=\/wp\/v2\/types\/post"}],"author":[{"embeddable":true,"href":"https:\/\/rr.unv-informacion.xyz\/index.php?rest_route=\/wp\/v2\/users\/1"}],"replies":[{"embeddable":true,"href":"https:\/\/rr.unv-informacion.xyz\/index.php?rest_route=%2Fwp%2Fv2%2Fcomments&post=8657"}],"version-history":[{"count":1,"href":"https:\/\/rr.unv-informacion.xyz\/index.php?rest_route=\/wp\/v2\/posts\/8657\/revisions"}],"predecessor-version":[{"id":8659,"href":"https:\/\/rr.unv-informacion.xyz\/index.php?rest_route=\/wp\/v2\/posts\/8657\/revisions\/8659"}],"wp:featuredmedia":[{"embeddable":true,"href":"https:\/\/rr.unv-informacion.xyz\/index.php?rest_route=\/wp\/v2\/media\/8658"}],"wp:attachment":[{"href":"https:\/\/rr.unv-informacion.xyz\/index.php?rest_route=%2Fwp%2Fv2%2Fmedia&parent=8657"}],"wp:term":[{"taxonomy":"category","embeddable":true,"href":"https:\/\/rr.unv-informacion.xyz\/index.php?rest_route=%2Fwp%2Fv2%2Fcategories&post=8657"},{"taxonomy":"post_tag","embeddable":true,"href":"https:\/\/rr.unv-informacion.xyz\/index.php?rest_route=%2Fwp%2Fv2%2Ftags&post=8657"}],"curies":[{"name":"wp","href":"https:\/\/api.w.org\/{rel}","templated":true}]}}