{"id":8663,"date":"2025-04-26T16:09:57","date_gmt":"2025-04-26T16:09:57","guid":{"rendered":"https:\/\/rr.unv-informacion.xyz\/?p=8663"},"modified":"2025-04-26T16:09:57","modified_gmt":"2025-04-26T16:09:57","slug":"interior-y-policia-da-luz-verde-a-marcha-del-27-de-abril","status":"publish","type":"post","link":"https:\/\/rr.unv-informacion.xyz\/?p=8663","title":{"rendered":"Interior y Polic\u00eda da luz verde a marcha del 27 de abril"},"content":{"rendered":"\n<p class=\"wp-block-paragraph\">En un gesto de respaldo institucional y orden c\u00edvico, el Ministerio de Interior y Polic\u00eda ha dado luz verde a la marcha pac\u00edfica programada para el pr\u00f3ximo 27 de abril de 2025, fecha en que se conmemoran los 60 a\u00f1os de la Revoluci\u00f3n de Abril de 1965.<\/p>\n\n\n\n<p class=\"wp-block-paragraph\">La aprobaci\u00f3n qued\u00f3 sellada bajo la Resoluci\u00f3n de No Objeci\u00f3n N\u00fam. MIP-UVP-0519-2025, reafirmando as\u00ed el derecho constitucional de los ciudadanos a la reuni\u00f3n pac\u00edfica.<\/p>\n\n\n\n<p class=\"wp-block-paragraph\">El Comit\u00e9 Unitario de Conmemoraci\u00f3n de la Gesta de Abril de 1965, ente organizador del evento, contar\u00e1 con el respaldo operativo de la Polic\u00eda Nacional, que ha sido asignada para garantizar el orden y proteger la integridad de los participantes, en fiel cumplimiento del Art\u00edculo 48 de la Constituci\u00f3n Dominicana.<\/p>\n\n\n\n<p class=\"wp-block-paragraph\">La iniciativa busca rendir homenaje a una de las p\u00e1ginas m\u00e1s emblem\u00e1ticas de la historia nacional, honrando a quienes lucharon por la democracia y el respeto a la voluntad popular.<\/p>\n\n\n\n<p class=\"wp-block-paragraph\">Sin embargo, en medio de los preparativos, el Ministerio de Interior y Polic\u00eda ha detectado un llamado paralelo promovido por sectores que intentan introducir militancia migratoria y participaci\u00f3n de extranjeros en actos p\u00fablicos, una pr\u00e1ctica prohibida por las leyes dominicanas.<\/p>\n\n\n\n<p class=\"wp-block-paragraph\">Las autoridades fueron enf\u00e1ticas al advertir que toda movilizaci\u00f3n que no cuente con autorizaci\u00f3n oficial quedar\u00e1 sin el respaldo de las fuerzas del orden, exponiendo as\u00ed a sus participantes a medidas correctivas.<\/p>\n\n\n\n<p class=\"wp-block-paragraph\">Desde hoy, el Ministerio de Interior y Polic\u00eda subraya su firme compromiso con la protecci\u00f3n de los derechos ciudadanos, la defensa irrestricta de la Constituci\u00f3n y la preservaci\u00f3n de la convivencia pac\u00edfica, elementos que consideran esenciales para mantener el equilibrio social en actos p\u00fablicos de trascendencia nacional.<\/p>\n\n\n\n<figure class=\"wp-block-image size-full\"><img loading=\"lazy\" decoding=\"async\" width=\"750\" height=\"750\" src=\"https:\/\/rr.unv-informacion.xyz\/wp-content\/uploads\/2025\/04\/j898.jpg\" alt=\"\" class=\"wp-image-8664\" srcset=\"https:\/\/rr.unv-informacion.xyz\/wp-content\/uploads\/2025\/04\/j898.jpg 750w, https:\/\/rr.unv-informacion.xyz\/wp-content\/uploads\/2025\/04\/j898-300x300.jpg 300w, https:\/\/rr.unv-informacion.xyz\/wp-content\/uploads\/2025\/04\/j898-150x150.jpg 150w, https:\/\/rr.unv-informacion.xyz\/wp-content\/uploads\/2025\/04\/j898-420x420.jpg 420w, https:\/\/rr.unv-informacion.xyz\/wp-content\/uploads\/2025\/04\/j898-640x640.jpg 640w, https:\/\/rr.unv-informacion.xyz\/wp-content\/uploads\/2025\/04\/j898-681x681.jpg 681w\" sizes=\"auto, (max-width: 750px) 100vw, 750px\" \/><\/figure>\n\n\n\n<figure class=\"wp-block-image size-large\"><img loading=\"lazy\" decoding=\"async\" width=\"1024\" height=\"576\" src=\"https:\/\/rr.unv-informacion.xyz\/wp-content\/uploads\/2025\/04\/Antigua-Orden-Dominicana-convoca-marcha-para-el-domingo-en-el-Parque-Independencia-1-1024x576.jpg\" alt=\"\" class=\"wp-image-8665\" srcset=\"https:\/\/rr.unv-informacion.xyz\/wp-content\/uploads\/2025\/04\/Antigua-Orden-Dominicana-convoca-marcha-para-el-domingo-en-el-Parque-Independencia-1-1024x576.jpg 1024w, https:\/\/rr.unv-informacion.xyz\/wp-content\/uploads\/2025\/04\/Antigua-Orden-Dominicana-convoca-marcha-para-el-domingo-en-el-Parque-Independencia-1-300x169.jpg 300w, https:\/\/rr.unv-informacion.xyz\/wp-content\/uploads\/2025\/04\/Antigua-Orden-Dominicana-convoca-marcha-para-el-domingo-en-el-Parque-Independencia-1-768x432.jpg 768w, https:\/\/rr.unv-informacion.xyz\/wp-content\/uploads\/2025\/04\/Antigua-Orden-Dominicana-convoca-marcha-para-el-domingo-en-el-Parque-Independencia-1.jpg 1920w\" sizes=\"auto, (max-width: 1024px) 100vw, 1024px\" \/><\/figure>\n","protected":false},"excerpt":{"rendered":"<p>En un gesto de respaldo institucional y orden c\u00edvico, el Ministerio de Interior y Polic\u00eda ha dado luz verde a la marcha pac\u00edfica programada para el pr\u00f3ximo 27 de abril de 2025, fecha en que se conmemoran los 60 a\u00f1os de la Revoluci\u00f3n de Abril de 1965. La aprobaci\u00f3n qued\u00f3 sellada bajo la Resoluci\u00f3n de [&hellip;]<\/p>\n","protected":false},"author":1,"featured_media":8664,"comment_status":"open","ping_status":"open","sticky":false,"template":"","format":"standard","meta":{"footnotes":""},"categories":[1],"tags":[],"class_list":["post-8663","post","type-post","status-publish","format-standard","has-post-thumbnail","hentry","category-uncategorized"],"_links":{"self":[{"href":"https:\/\/rr.unv-informacion.xyz\/index.php?rest_route=\/wp\/v2\/posts\/8663","targetHints":{"allow":["GET"]}}],"collection":[{"href":"https:\/\/rr.unv-informacion.xyz\/index.php?rest_route=\/wp\/v2\/posts"}],"about":[{"href":"https:\/\/rr.unv-informacion.xyz\/index.php?rest_route=\/wp\/v2\/types\/post"}],"author":[{"embeddable":true,"href":"https:\/\/rr.unv-informacion.xyz\/index.php?rest_route=\/wp\/v2\/users\/1"}],"replies":[{"embeddable":true,"href":"https:\/\/rr.unv-informacion.xyz\/index.php?rest_route=%2Fwp%2Fv2%2Fcomments&post=8663"}],"version-history":[{"count":1,"href":"https:\/\/rr.unv-informacion.xyz\/index.php?rest_route=\/wp\/v2\/posts\/8663\/revisions"}],"predecessor-version":[{"id":8666,"href":"https:\/\/rr.unv-informacion.xyz\/index.php?rest_route=\/wp\/v2\/posts\/8663\/revisions\/8666"}],"wp:featuredmedia":[{"embeddable":true,"href":"https:\/\/rr.unv-informacion.xyz\/index.php?rest_route=\/wp\/v2\/media\/8664"}],"wp:attachment":[{"href":"https:\/\/rr.unv-informacion.xyz\/index.php?rest_route=%2Fwp%2Fv2%2Fmedia&parent=8663"}],"wp:term":[{"taxonomy":"category","embeddable":true,"href":"https:\/\/rr.unv-informacion.xyz\/index.php?rest_route=%2Fwp%2Fv2%2Fcategories&post=8663"},{"taxonomy":"post_tag","embeddable":true,"href":"https:\/\/rr.unv-informacion.xyz\/index.php?rest_route=%2Fwp%2Fv2%2Ftags&post=8663"}],"curies":[{"name":"wp","href":"https:\/\/api.w.org\/{rel}","templated":true}]}}