{"id":8677,"date":"2025-04-27T18:38:21","date_gmt":"2025-04-27T18:38:21","guid":{"rendered":"https:\/\/rr.unv-informacion.xyz\/?p=8677"},"modified":"2025-04-27T18:38:21","modified_gmt":"2025-04-27T18:38:21","slug":"padre-de-nelson-cruz","status":"publish","type":"post","link":"https:\/\/rr.unv-informacion.xyz\/?p=8677","title":{"rendered":"Padre de Nelson Cruz"},"content":{"rendered":"\n<p class=\"wp-block-paragraph\">Una nueva sacudida emocional golpe\u00f3 a la familia Cruz este s\u00e1bado en horas de la ma\u00f1ana, cuando el se\u00f1or Nelson Cruz padre, progenitor del reconocido expelotero de Grandes Ligas, fue ingresado de emergencia en la cl\u00ednica Corominas tras sufrir un infarto, seg\u00fan confirmaron fuentes cercanas a los allegados.<\/p>\n\n\n\n<p class=\"wp-block-paragraph\">El drama familiar se intensific\u00f3 cuando, para preservar su estabilidad, los m\u00e9dicos procedieron a realizarle un cateterismo de urgencia, buscando restaurar el flujo sangu\u00edneo comprometido.<\/p>\n\n\n\n<p class=\"wp-block-paragraph\">Actualmente, el se\u00f1or Cruz permanece ingresado bajo estricta observaci\u00f3n m\u00e9dica, mientras su entorno m\u00e1s cercano aguarda con expectaci\u00f3n su evoluci\u00f3n.<\/p>\n\n\n\n<p class=\"wp-block-paragraph\">Este delicado momento llega apenas unas semanas despu\u00e9s de otro golpe devastador para los Cruz: el tr\u00e1gico fallecimiento de Nelsy Cruz, hermana de Nelson, quien hasta su partida se desempe\u00f1aba como gobernadora de Montecristi.<\/p>\n\n\n\n<p class=\"wp-block-paragraph\">El 8 de abril pasado, Nelsy perdi\u00f3 la vida tras el colapso del techo en la discoteca Jet Set, un evento que estremeci\u00f3 a todo el pa\u00eds por la magnitud de la tragedia, con un saldo de 232 v\u00edctimas mortales y m\u00e1s de 180 heridos.<\/p>\n\n\n\n<p class=\"wp-block-paragraph\">La familia Cruz, ampliamente respetada tanto en el \u00e1mbito deportivo como en la vida p\u00fablica dominicana, enfrenta ahora un nuevo desaf\u00edo, rodeados de muestras de apoyo y solidaridad.<\/p>\n\n\n\n<p class=\"wp-block-paragraph\"><\/p>\n","protected":false},"excerpt":{"rendered":"<p>Una nueva sacudida emocional golpe\u00f3 a la familia Cruz este s\u00e1bado en horas de la ma\u00f1ana, cuando el se\u00f1or Nelson Cruz padre, progenitor del reconocido expelotero de Grandes Ligas, fue ingresado de emergencia en la cl\u00ednica Corominas tras sufrir un infarto, seg\u00fan confirmaron fuentes cercanas a los allegados. El drama familiar se intensific\u00f3 cuando, para [&hellip;]<\/p>\n","protected":false},"author":1,"featured_media":8678,"comment_status":"open","ping_status":"open","sticky":false,"template":"","format":"standard","meta":{"footnotes":""},"categories":[1],"tags":[],"class_list":["post-8677","post","type-post","status-publish","format-standard","has-post-thumbnail","hentry","category-uncategorized"],"_links":{"self":[{"href":"https:\/\/rr.unv-informacion.xyz\/index.php?rest_route=\/wp\/v2\/posts\/8677","targetHints":{"allow":["GET"]}}],"collection":[{"href":"https:\/\/rr.unv-informacion.xyz\/index.php?rest_route=\/wp\/v2\/posts"}],"about":[{"href":"https:\/\/rr.unv-informacion.xyz\/index.php?rest_route=\/wp\/v2\/types\/post"}],"author":[{"embeddable":true,"href":"https:\/\/rr.unv-informacion.xyz\/index.php?rest_route=\/wp\/v2\/users\/1"}],"replies":[{"embeddable":true,"href":"https:\/\/rr.unv-informacion.xyz\/index.php?rest_route=%2Fwp%2Fv2%2Fcomments&post=8677"}],"version-history":[{"count":1,"href":"https:\/\/rr.unv-informacion.xyz\/index.php?rest_route=\/wp\/v2\/posts\/8677\/revisions"}],"predecessor-version":[{"id":8679,"href":"https:\/\/rr.unv-informacion.xyz\/index.php?rest_route=\/wp\/v2\/posts\/8677\/revisions\/8679"}],"wp:featuredmedia":[{"embeddable":true,"href":"https:\/\/rr.unv-informacion.xyz\/index.php?rest_route=\/wp\/v2\/media\/8678"}],"wp:attachment":[{"href":"https:\/\/rr.unv-informacion.xyz\/index.php?rest_route=%2Fwp%2Fv2%2Fmedia&parent=8677"}],"wp:term":[{"taxonomy":"category","embeddable":true,"href":"https:\/\/rr.unv-informacion.xyz\/index.php?rest_route=%2Fwp%2Fv2%2Fcategories&post=8677"},{"taxonomy":"post_tag","embeddable":true,"href":"https:\/\/rr.unv-informacion.xyz\/index.php?rest_route=%2Fwp%2Fv2%2Ftags&post=8677"}],"curies":[{"name":"wp","href":"https:\/\/api.w.org\/{rel}","templated":true}]}}